{"id":1064,"date":"2025-11-28T10:30:37","date_gmt":"2025-11-28T09:30:37","guid":{"rendered":"https:\/\/falugazdasz.sk\/?p=1064"},"modified":"2025-11-28T10:47:19","modified_gmt":"2025-11-28T09:47:19","slug":"orszagszerte-jelentosen-kevesebb-mez-termett","status":"publish","type":"post","link":"https:\/\/falugazdasz.sk\/hu\/orszagszerte-jelentosen-kevesebb-mez-termett\/","title":{"rendered":"Orsz\u00e1gszerte jelent\u0151sen kevesebb m\u00e9z termett"},"content":{"rendered":"\n<p>Szlov\u00e1ki\u00e1ban az ut\u00f3bbi \u00e9vekben a m\u00e9hek vil\u00e1ga is megv\u00e1ltott. M\u00edg r\u00e9gen nem volt gond egy kapt\u00e1rb\u00f3l t\u00f6bb &nbsp;t\u00edz kilogramm m\u00e9zet kipergetni, ma sok m\u00e9h\u00e9sz alacsony hozamokkal, betegs\u00e9gekkel \u00e9s kisz\u00e1m\u00edthatatlan id\u0151j\u00e1r\u00e1ssal k\u00fczd.<\/p>\n\n\n\n<p>A Szlov\u00e1ki\u00e1ban eladott m\u00e9z fele r\u00e1ad\u00e1sul importb\u00f3l sz\u00e1rmazik. Gyakran olcs\u00f3, k\u00f6nnyen el\u00e9rhet\u0151 term\u00e9k, amely megfelel ugyan a m\u00e9zre vonatkoz\u00f3 el\u0151\u00edr\u00e1soknak, de sok esetben nem rendelkezik a sz\u00fcks\u00e9ges antibakteri\u00e1lis hat\u00e1sokkal.<br>Ennek ellen\u00e9re \u00e9rezhet\u0151, hogy a szlov\u00e1kok egyre jobban \u00e9rdekl\u0151dnek a min\u0151s\u00e9gi m\u00e9z ir\u00e1nt \u00e9s m\u00e1s m\u00e9h\u00e9szeti term\u00e9k &nbsp;ir\u00e1nt is, amelyek j\u00f3t\u00e9konyan hatnak az eg\u00e9szs\u00e9g\u00fckre.<\/p>\n\n\n\n<p>A&nbsp;m\u00e9z&nbsp;\u00e1ra&nbsp;Szlov\u00e1ki\u00e1ban&nbsp;2025-ben emelked\u0151 tendenci\u00e1t mutat az alacsonyabb term\u00e9shozam \u00e9s a m\u00e9h\u00e1llom\u00e1ny pusztul\u00e1sa miatt. A m\u00e9h\u00e9szek jelezt\u00e9k, hogy k\u00f6r\u00fclbel\u00fcl 1 eur\u00f3val n\u00f6velik az \u00e1rakat kilogrammonk\u00e9nt.&nbsp;<\/p>\n\n\n\n<p><strong>\u00c1tlagos m\u00e9z\u00e1rak Szlov\u00e1ki\u00e1ban (2025-\u00f6s becsl\u00e9s)<br><\/strong>Az \u00e1rak t\u00edpusonk\u00e9nt \u00e9s a v\u00e1s\u00e1rl\u00e1s hely\u00e9t\u0151l f\u00fcgg\u0151en (k\u00f6zvetlen\u00fcl a termel\u0151t\u0151l vagy boltban) v\u00e1ltoznak. Az al\u00e1bbiakban a 950g-os vagy 1kg-os kiszerel\u00e9sekre vonatkoz\u00f3 becs\u00fclt kiskereskedelmi \u00e1rak l\u00e1that\u00f3k:<\/p>\n\n\n\n<ul class=\"wp-block-list\">\n<li>Vir\u00e1gm\u00e9z:&nbsp;k\u00f6r\u00fclbel\u00fcl&nbsp;9 \u20ac &#8211; 11 \u20ac&nbsp;\/ 950g.<\/li>\n\n\n\n<li>Ak\u00e1cm\u00e9z:&nbsp;k\u00f6r\u00fclbel\u00fcl&nbsp;11 \u20ac &#8211; 14 \u20ac&nbsp;\/ 950g.<\/li>\n\n\n\n<li>Erdei m\u00e9z\/M\u00e9zharmatm\u00e9z:&nbsp;k\u00f6r\u00fclbel\u00fcl&nbsp;13 \u20ac &#8211; 16 \u20ac&nbsp;\/ 950g.<\/li>\n\n\n\n<li>Repcem\u00e9z\/Kr\u00e9mm\u00e9z:&nbsp;k\u00f6r\u00fclbel\u00fcl&nbsp;8,50 \u20ac &#8211; 9,50 \u20ac&nbsp;\/ 950g.<\/li>\n<\/ul>\n\n\n\n<p>Minden \u00e9v m\u00e1s. Vannak szezonok, amikor a term\u00e9szet gy\u00f6ny\u00f6r\u0171en \u00e9s id\u0151ben vir\u00e1gzik, \u00e9s a m\u00e9hek hozz\u00e1k a m\u00e9zet, mintha v\u00edzb\u0151l lenne, majd j\u00f6nnek olyan \u00e9vek, amikor sz\u00f3 szerint megfagy nekik az \u00e9lelem m\u00e1jus k\u00f6zep\u00e9n, \u00e9s nincs mit gy\u0171jteni.<\/p>\n\n\n\n<p>Olyan mint a&nbsp; mez\u0151gazdas\u00e1gban \u2013 csak \u00e9ppen a m\u00e9h\u00e9sz nem tudja \u00f6nt\u00f6z\u00e9ssel vagy permetez\u00e9ssel befoly\u00e1solni. <br>Sok mindenen m\u00falik: a helysz\u00ednen, a mikrokl\u00edm\u00e1n, \u00e9s azon is, hogy a m\u00e9h\u00e9sz v\u00e1ndorol-e, vagyis viszi-e a kapt\u00e1rakat m\u00e1sik helyre a hord\u00e1s miatt, vagy \u00e1lland\u00f3 m\u00e9h\u00e9szetet tart fenn. Nincs k\u00e9t egyforma hely. Van, hogy egy v\u00f6lgyben b\u0151s\u00e9ges a m\u00e9z, p\u00e1r kilom\u00e9terrel arr\u00e9bb pedig semmi. N\u00e9ha m\u00e9g egy falun bel\u00fcl is k\u00fcl\u00f6nb\u00f6zhet k\u00e9t m\u00e9h\u00e9szet.<\/p>\n\n\n\n<p>A m\u00e9hcsal\u00e1dok legnagyobb fenyeget\u00e9sei a betegs\u00e9gek, p\u00e9ld\u00e1ul a Varroa atka, amely eg\u00e9sz m\u00e9hcsal\u00e1dokat k\u00e9pes elpuszt\u00edtani. R\u00e9gen el\u00e9g volt \u00e9vente egyszer kezelni a m\u00e9heket, ma ez ak\u00e1r \u00f6tsz\u00f6r\u00f6s\u00e9re is n\u0151het. Az atka ellen\u00e1ll\u00f3v\u00e1 v\u00e1lik, \u00edgy folyamatosan \u00faj m\u00f3dszerekre van sz\u00fcks\u00e9g. N\u00e9h\u00e1ny m\u00e9hcsal\u00e1d m\u00e9g a kapt\u00e1rat is elhagyja. A m\u00e9hek egyszer\u0171en elrep\u00fclnek, ha a kapt\u00e1r fert\u0151z\u00f6tt vagy parazit\u00e1kkal teli. &nbsp;Jelent\u00e9sek szerint a m\u00e9h\u00e1llom\u00e1ny mintegy&nbsp;<strong>30-50%-a elpusztult<\/strong>&nbsp;a varroa atka elszaporod\u00e1sa \u00e9s a 2024\/2025-os szokatlanul enyhe t\u00e9l k\u00f6vetkezt\u00e9ben, ami k\u00f6zvetlen\u00fcl cs\u00f6kkentette a termel\u00e9st.<\/p>\n\n\n\n<figure class=\"wp-block-image size-large\"><img loading=\"lazy\" decoding=\"async\" width=\"1024\" height=\"576\" src=\"https:\/\/falugazdasz.sk\/wp-content\/uploads\/2025\/11\/image-1024x576.jpeg\" alt=\"\" class=\"wp-image-1065\" srcset=\"https:\/\/falugazdasz.sk\/wp-content\/uploads\/2025\/11\/image-1024x576.jpeg 1024w, https:\/\/falugazdasz.sk\/wp-content\/uploads\/2025\/11\/image-300x169.jpeg 300w, https:\/\/falugazdasz.sk\/wp-content\/uploads\/2025\/11\/image-768x432.jpeg 768w, https:\/\/falugazdasz.sk\/wp-content\/uploads\/2025\/11\/image.jpeg 1439w\" sizes=\"auto, (max-width: 1024px) 100vw, 1024px\" \/><\/figure>\n\n\n\n<p>A mez\u0151gazdas\u00e1gi ter\u00fcletek v\u00e1ltoz\u00e1sai is gondot okoznak. Sok modern termesztett n\u00f6v\u00e9ny m\u00e1r egy\u00e1ltal\u00e1n nem ad nekt\u00e1rt. P\u00e9ld\u00e1ul eg\u00e9sz Szlov\u00e1ki\u00e1ban hatalmas repcemez\u0151k vannak, de bizonyos fajt\u00e1k m\u00e1r nem is m\u00e9zelnek \u00e9s nem is ig\u00e9nylik a beporz\u00e1st. A m\u00e9hek \u00e9hezhetnek ezeken a ter\u00fcleteken.\u201d<br>Hasonl\u00f3 a helyzet a napraforg\u00f3val \u2013 a sok fajta k\u00f6z\u00fcl csak n\u00e9h\u00e1ny ad nekt\u00e1rt. \u201eA g\u00e9nm\u00e9rn\u00f6ks\u00e9g fejl\u0151dik, de k\u00f6zben felbor\u00edtjuk a term\u00e9szet rendj\u00e9t.\u201d<br>B\u00e1r jogszab\u00e1ly \u00edrja el\u0151 a m\u00e9hlegel\u0151k telep\u00edt\u00e9s\u00e9t, ezeket is rossz id\u0151ben vannak vetve, sok akkor vir\u00e1gzik, amikor a m\u00e9hek m\u00e1r be vannak etetve t\u00e9lre \u00e9s pihenni\u00fck kellene.<\/p>\n\n\n\n<p>A&nbsp;tavalyi \u00e9v&nbsp;\u00e1tlag hozama&nbsp; egy kapt\u00e1rra vet\u00edtve &nbsp;12-15 kg&nbsp;k\u00f6r\u00fcl mozgott. Egy j\u00f3 \u00e9vben ez az \u00e1tlag el\u00e9rheti a 21 kg-ot, vagy ak\u00e1r a 25-40 kg-ot is.<br>A 2025-\u00f6s helyzet &nbsp;tekintettel a bejelentett s\u00falyos probl\u00e9m\u00e1kra \u00e9s a hi\u00e1nyra,&nbsp; \u00e1tlagos hozam j\u00f3val ez alatt a 12-15 kg\/kapt\u00e1r \u00e9rt\u00e9k alatt&nbsp;van- a&nbsp;m\u00e9h\u00e9szek jelz\u00e9se alapj\u00e1n..<\/p>\n\n\n\n<p>Arra a k\u00e9rd\u00e9sre, mi\u00e9rt dr\u00e1gul a szlov\u00e1k m\u00e9z \u00e9vr\u0151l \u00e9vre, egyszer\u0171 a v\u00e1lasz: mert val\u00f3di. \u00c9rdemes elgondolkodni, mi\u00e9rt olyan olcs\u00f3 a bolti m\u00e9z. A k\u00fcl\u00f6nbs\u00e9get laikus nem l\u00e1tja. Az import m\u00e9z kin\u00e9zetre \u00e9s \u00edzre is hasonl\u00edthat, de a v\u00e1rt hat\u00e1sai nem lesznek. A k\u00fcl\u00f6nbs\u00e9g csak laborvizsg\u00e1latban mutathat\u00f3 ki, amelyet a Szlov\u00e1k Tudom\u00e1nyos Akad\u00e9mia v\u00e9gez. V\u00e1s\u00e1rl\u00e1skor mindig ellen\u0151rizz\u00fck a m\u00e9z eredet\u00e9t.<\/p>\n\n\n<div class=\"wp-block-image\">\n<figure class=\"aligncenter size-full\"><img loading=\"lazy\" decoding=\"async\" width=\"518\" height=\"920\" src=\"https:\/\/falugazdasz.sk\/wp-content\/uploads\/2025\/11\/image.png\" alt=\"\" class=\"wp-image-1067\" srcset=\"https:\/\/falugazdasz.sk\/wp-content\/uploads\/2025\/11\/image.png 518w, https:\/\/falugazdasz.sk\/wp-content\/uploads\/2025\/11\/image-169x300.png 169w\" sizes=\"auto, (max-width: 518px) 100vw, 518px\" \/><\/figure>\n<\/div>\n\n\n<p><strong>Ing. Suba Vikt\u00f3ria<br><\/strong>falugazd\u00e1sz<br>2025. november 24.<\/p>\n","protected":false},"excerpt":{"rendered":"<p>Szlov\u00e1ki\u00e1ban az ut\u00f3bbi \u00e9vekben a m\u00e9hek vil\u00e1ga is megv\u00e1ltott. M\u00edg r\u00e9gen nem volt gond egy kapt\u00e1rb\u00f3l t\u00f6bb &nbsp;t\u00edz kilogramm m\u00e9zet kipergetni, ma sok m\u00e9h\u00e9sz alacsony hozamokkal, betegs\u00e9gekkel \u00e9s kisz\u00e1m\u00edthatatlan id\u0151j\u00e1r\u00e1ssal [&hellip;]<\/p>\n","protected":false},"author":2,"featured_media":1065,"comment_status":"closed","ping_status":"closed","sticky":false,"template":"","format":"standard","meta":{"_acf_changed":false,"pmpro_default_level":"","inline_featured_image":false,"footnotes":""},"categories":[100],"tags":[],"class_list":["post-1064","post","type-post","status-publish","format-standard","has-post-thumbnail","hentry","category-hirek","pmpro-has-access"],"acf":[],"_links":{"self":[{"href":"https:\/\/falugazdasz.sk\/hu\/wp-json\/wp\/v2\/posts\/1064","targetHints":{"allow":["GET"]}}],"collection":[{"href":"https:\/\/falugazdasz.sk\/hu\/wp-json\/wp\/v2\/posts"}],"about":[{"href":"https:\/\/falugazdasz.sk\/hu\/wp-json\/wp\/v2\/types\/post"}],"author":[{"embeddable":true,"href":"https:\/\/falugazdasz.sk\/hu\/wp-json\/wp\/v2\/users\/2"}],"replies":[{"embeddable":true,"href":"https:\/\/falugazdasz.sk\/hu\/wp-json\/wp\/v2\/comments?post=1064"}],"version-history":[{"count":2,"href":"https:\/\/falugazdasz.sk\/hu\/wp-json\/wp\/v2\/posts\/1064\/revisions"}],"predecessor-version":[{"id":1082,"href":"https:\/\/falugazdasz.sk\/hu\/wp-json\/wp\/v2\/posts\/1064\/revisions\/1082"}],"wp:featuredmedia":[{"embeddable":true,"href":"https:\/\/falugazdasz.sk\/hu\/wp-json\/wp\/v2\/media\/1065"}],"wp:attachment":[{"href":"https:\/\/falugazdasz.sk\/hu\/wp-json\/wp\/v2\/media?parent=1064"}],"wp:term":[{"taxonomy":"category","embeddable":true,"href":"https:\/\/falugazdasz.sk\/hu\/wp-json\/wp\/v2\/categories?post=1064"},{"taxonomy":"post_tag","embeddable":true,"href":"https:\/\/falugazdasz.sk\/hu\/wp-json\/wp\/v2\/tags?post=1064"}],"curies":[{"name":"wp","href":"https:\/\/api.w.org\/{rel}","templated":true}]}}