{"id":1226,"date":"2025-12-31T13:15:46","date_gmt":"2025-12-31T12:15:46","guid":{"rendered":"https:\/\/falugazdasz.sk\/?p=1226"},"modified":"2025-12-31T13:42:22","modified_gmt":"2025-12-31T12:42:22","slug":"ev-vegi-gondolatok","status":"publish","type":"post","link":"https:\/\/falugazdasz.sk\/hu\/ev-vegi-gondolatok\/","title":{"rendered":"\u00c9v v\u00e9gi gondolatok &#8211; &#8222;Mikor a term\u00e9szet pihen, a gazda felk\u00e9sz\u00fcl&#8221;"},"content":{"rendered":"\n<p>Hab\u00e1r az \u00e9v v\u00e9g\u00e9hez k\u00f6zeledve a sz\u00e1nt\u00f3f\u00f6ldi munk\u00e1k java m\u00e1r befejez\u0151d\u00f6tt, \u00e9s a term\u00e9szet is r\u00f6vid pihen\u0151re k\u00e9sz\u00fcl, a mez\u0151gazd\u00e1szok feladatainak sora m\u00e9g kor\u00e1ntsem \u00e9rt v\u00e9get. Ahogyan az \u00e1llatteny\u00e9szt\u00e9sben dolgoz\u00f3k sz\u00e1m\u00e1ra is akad munka \u00fcnnep- \u00e9s h\u00e9tk\u00f6znap egyar\u00e1nt, \u00fagy sajnos az adminisztrat\u00edv \u00e9s k\u00f6nyvel\u00e9si teend\u0151k sincsenek mindig \u00f6sszhangban a kar\u00e1csonyi \u00fcnnepek meghitt hangulat\u00e1val.<\/p>\n\n\n\n<p>H\u00e1l\u00f3zatunk falugazd\u00e1szai ebben az id\u0151szakban a PPA kifizet\u00e9si hat\u00e1rozataival kapcsolatban ny\u00fajtanak seg\u00edts\u00e9get a gazd\u00e1knak, k\u00fcl\u00f6n\u00f6sen az ezekb\u0151l ad\u00f3d\u00f3 elektronikus kommunik\u00e1ci\u00f3 lebonyol\u00edt\u00e1s\u00e1ban. E feladataikon t\u00fal r\u00e9szt vettek a PPA \u00e1ltal v\u00e9lem\u00e9nyez\u00e9sre bocs\u00e1tott 75.1 sz\u00e1m\u00fa \u201eFiatal gazd\u00e1k megszerz\u00e9se \u00e9s megtart\u00e1sa\u201d, valamint a 73.7 sz\u00e1m\u00fa \u201eBeruh\u00e1z\u00e1s a feldolgoz\u00e1st v\u00e9gz\u0151 c\u00e9gek kapacit\u00e1s\u00e1nak n\u00f6vel\u00e9s\u00e9re\u201d t\u00e1mogat\u00e1si felh\u00edv\u00e1sok el\u0151zetes javaslatainak v\u00e9lem\u00e9nyez\u00e9s\u00e9ben is. Ezeket a Mez\u0151gazdas\u00e1gi \u00e9s Vid\u00e9kfejleszt\u00e9si Miniszt\u00e9rium a k\u00f6zelj\u00f6v\u0151ben, el\u0151rel\u00e1that\u00f3lag a j\u00f6v\u0151 \u00e9v elej\u00e9n k\u00edv\u00e1nja nyilv\u00e1noss\u00e1gra hozni a 2023\u20132027-es programid\u0151szak keretein bel\u00fcl.<\/p>\n\n\n\n<p>Sajnos \u2013 k\u00fcl\u00f6n\u00f6sen a fiatal gazd\u00e1kat c\u00e9lz\u00f3 t\u00e1mogat\u00e1si felh\u00edv\u00e1s eset\u00e9ben \u2013 t\u00f6bb elemet is kifog\u00e1solhat\u00f3nak, nem \u00e9letszer\u0171nek, illetve a val\u00f3s\u00e1gt\u00f3l elrugaszkodottnak tal\u00e1ltunk, amelyek v\u00e9lem\u00e9ny\u00fcnk szerint h\u00e1tr\u00e1nyosan \u00e9rintett\u00e9k volna a t\u00e1mogat\u00e1s hat\u00e9kony ig\u00e9nybev\u00e9tel\u00e9t. Az \u00e9szrev\u00e9teleket tov\u00e1bb\u00edtottuk az illet\u00e9kes jogalkot\u00f3i szervek fel\u00e9, \u00e9s b\u00edzunk benne, hogy azok megfontol\u00e1sra ker\u00fclnek, illetve be\u00e9p\u00edt\u00e9sre ker\u00fclhetnek a miniszt\u00e9riumi d\u00f6nt\u00e9shozatal sor\u00e1n.<\/p>\n\n\n\n<p>Nem szabad megfeledkezni az \u00e9v v\u00e9gi \u00e9s az \u00faj \u00e9v eleji tov\u00e1bbi adminisztrat\u00edv jelleg\u0171 feladatokr\u00f3l sem, mint p\u00e9ld\u00e1ul a m\u00e1sodik f\u00e9l\u00e9ves \u00e9s \u00e9ves statisztikai jelent\u00e9sek \u00f6ssze\u00e1ll\u00edt\u00e1s\u00e1r\u00f3l \u00e9s megk\u00fcld\u00e9s\u00e9r\u0151l a statisztikai hivatal fel\u00e9, az \u00e1llatj\u00f3ll\u00e9ti t\u00e1mogat\u00e1sokhoz sz\u00fcks\u00e9ges jelent\u00e9sek kidolgoz\u00e1s\u00e1r\u00f3l \u00e9s beny\u00fajt\u00e1s\u00e1r\u00f3l a PPA r\u00e9sz\u00e9re, valamint az \u00e9ves sz\u00e1nt\u00f3f\u00f6ldi munk\u00e1kr\u00f3l sz\u00f3l\u00f3 t\u00f6rzsk\u00f6nyv \u00e9s a permetez\u00e9si napl\u00f3 elk\u00e9sz\u00edt\u00e9s\u00e9r\u0151l az \u00daKS\u00daP fel\u00e9. E k\u00f6telezetts\u00e9gek tov\u00e1bbra is befoly\u00e1solj\u00e1k az egyes t\u00e1mogat\u00e1sok kifizet\u00e9s\u00e9t. K\u00e9rd\u00e9s vagy probl\u00e9ma eset\u00e9n forduljanak bizalommal a Felvid\u00e9ki falugazd\u00e1sz-h\u00e1l\u00f3zat munkat\u00e1rsaihoz.<\/p>\n\n\n\n<p>Mindezen feladatok ellen\u00e9re koll\u00e9g\u00e1im nev\u00e9ben k\u00edv\u00e1nom, hogy az el\u0151tt\u00fcnk \u00e1ll\u00f3 \u00fcnnepi id\u0151szakban jusson elegend\u0151 id\u0151 a csal\u00e1ddal val\u00f3 egy\u00fcttl\u00e9tre, pihen\u00e9sre, felt\u00f6lt\u0151d\u00e9sre \u00e9s kikapcsol\u00f3d\u00e1sra, hogy az \u00faj esztend\u0151ben meg\u00fajult er\u0151vel folytathass\u00e1k \u00e9rt\u00e9kteremt\u0151, \u00e1ldozatos munk\u00e1jukat.<\/p>\n\n\n\n<p>Boldog \u00faj \u00e9vet k\u00edv\u00e1nunk minden gazd\u00e1nak \u00e9s csal\u00e1dj\u00e1nak \u2013 vagy ahogyan mondani szok\u00e1s: bort, b\u00faz\u00e1t, b\u00e9kess\u00e9get!<\/p>\n\n\n\n<p><strong>Ing. Varga B\u00e1lint<br><\/strong>falugazd\u00e1sz<\/p>\n","protected":false},"excerpt":{"rendered":"<p>Hab\u00e1r az \u00e9v v\u00e9g\u00e9hez k\u00f6zeledve a sz\u00e1nt\u00f3f\u00f6ldi munk\u00e1k java m\u00e1r befejez\u0151d\u00f6tt, \u00e9s a term\u00e9szet is r\u00f6vid pihen\u0151re k\u00e9sz\u00fcl, a mez\u0151gazd\u00e1szok feladatainak sora m\u00e9g kor\u00e1ntsem \u00e9rt v\u00e9get. Ahogyan az \u00e1llatteny\u00e9szt\u00e9sben dolgoz\u00f3k [&hellip;]<\/p>\n","protected":false},"author":2,"featured_media":1227,"comment_status":"closed","ping_status":"closed","sticky":false,"template":"","format":"standard","meta":{"_acf_changed":false,"pmpro_default_level":"","inline_featured_image":false,"footnotes":""},"categories":[100],"tags":[],"class_list":["post-1226","post","type-post","status-publish","format-standard","has-post-thumbnail","hentry","category-hirek","pmpro-has-access"],"acf":[],"_links":{"self":[{"href":"https:\/\/falugazdasz.sk\/hu\/wp-json\/wp\/v2\/posts\/1226","targetHints":{"allow":["GET"]}}],"collection":[{"href":"https:\/\/falugazdasz.sk\/hu\/wp-json\/wp\/v2\/posts"}],"about":[{"href":"https:\/\/falugazdasz.sk\/hu\/wp-json\/wp\/v2\/types\/post"}],"author":[{"embeddable":true,"href":"https:\/\/falugazdasz.sk\/hu\/wp-json\/wp\/v2\/users\/2"}],"replies":[{"embeddable":true,"href":"https:\/\/falugazdasz.sk\/hu\/wp-json\/wp\/v2\/comments?post=1226"}],"version-history":[{"count":2,"href":"https:\/\/falugazdasz.sk\/hu\/wp-json\/wp\/v2\/posts\/1226\/revisions"}],"predecessor-version":[{"id":1231,"href":"https:\/\/falugazdasz.sk\/hu\/wp-json\/wp\/v2\/posts\/1226\/revisions\/1231"}],"wp:featuredmedia":[{"embeddable":true,"href":"https:\/\/falugazdasz.sk\/hu\/wp-json\/wp\/v2\/media\/1227"}],"wp:attachment":[{"href":"https:\/\/falugazdasz.sk\/hu\/wp-json\/wp\/v2\/media?parent=1226"}],"wp:term":[{"taxonomy":"category","embeddable":true,"href":"https:\/\/falugazdasz.sk\/hu\/wp-json\/wp\/v2\/categories?post=1226"},{"taxonomy":"post_tag","embeddable":true,"href":"https:\/\/falugazdasz.sk\/hu\/wp-json\/wp\/v2\/tags?post=1226"}],"curies":[{"name":"wp","href":"https:\/\/api.w.org\/{rel}","templated":true}]}}