{"id":1237,"date":"2026-01-07T15:40:56","date_gmt":"2026-01-07T14:40:56","guid":{"rendered":"https:\/\/falugazdasz.sk\/mprv-sr-spolocny-hlas-farmarov-a-statu-je-nevyhnutny-pre-spravodlivu-spolocnu-polnohospodarsku-politiku-eu\/"},"modified":"2026-01-07T16:02:01","modified_gmt":"2026-01-07T15:02:01","slug":"mprv-sr-spolocny-hlas-farmarov-a-statu-je-nevyhnutny-pre-spravodlivu-spolocnu-polnohospodarsku-politiku-eu","status":"publish","type":"post","link":"https:\/\/falugazdasz.sk\/hu\/mprv-sr-spolocny-hlas-farmarov-a-statu-je-nevyhnutny-pre-spravodlivu-spolocnu-polnohospodarsku-politiku-eu\/","title":{"rendered":"MPRV SR: A gazd\u00e1k \u00e9s az \u00e1llam k\u00f6z\u00f6s hangja elengedhetetlen az igazs\u00e1gos EU-s K\u00f6z\u00f6s Agr\u00e1rpolitika \u00e9rdek\u00e9ben"},"content":{"rendered":"","protected":false},"excerpt":{"rendered":"","protected":false},"author":2,"featured_media":434,"comment_status":"closed","ping_status":"closed","sticky":false,"template":"","format":"standard","meta":{"_acf_changed":false,"pmpro_default_level":"","inline_featured_image":false,"footnotes":""},"categories":[100],"tags":[],"class_list":["post-1237","post","type-post","status-publish","format-standard","has-post-thumbnail","hentry","category-hirek","pmpro-has-access"],"acf":[],"_links":{"self":[{"href":"https:\/\/falugazdasz.sk\/hu\/wp-json\/wp\/v2\/posts\/1237","targetHints":{"allow":["GET"]}}],"collection":[{"href":"https:\/\/falugazdasz.sk\/hu\/wp-json\/wp\/v2\/posts"}],"about":[{"href":"https:\/\/falugazdasz.sk\/hu\/wp-json\/wp\/v2\/types\/post"}],"author":[{"embeddable":true,"href":"https:\/\/falugazdasz.sk\/hu\/wp-json\/wp\/v2\/users\/2"}],"replies":[{"embeddable":true,"href":"https:\/\/falugazdasz.sk\/hu\/wp-json\/wp\/v2\/comments?post=1237"}],"version-history":[{"count":1,"href":"https:\/\/falugazdasz.sk\/hu\/wp-json\/wp\/v2\/posts\/1237\/revisions"}],"predecessor-version":[{"id":1256,"href":"https:\/\/falugazdasz.sk\/hu\/wp-json\/wp\/v2\/posts\/1237\/revisions\/1256"}],"wp:featuredmedia":[{"embeddable":true,"href":"https:\/\/falugazdasz.sk\/hu\/wp-json\/wp\/v2\/media\/434"}],"wp:attachment":[{"href":"https:\/\/falugazdasz.sk\/hu\/wp-json\/wp\/v2\/media?parent=1237"}],"wp:term":[{"taxonomy":"category","embeddable":true,"href":"https:\/\/falugazdasz.sk\/hu\/wp-json\/wp\/v2\/categories?post=1237"},{"taxonomy":"post_tag","embeddable":true,"href":"https:\/\/falugazdasz.sk\/hu\/wp-json\/wp\/v2\/tags?post=1237"}],"curies":[{"name":"wp","href":"https:\/\/api.w.org\/{rel}","templated":true}]}}