{"id":1261,"date":"2026-01-12T16:30:38","date_gmt":"2026-01-12T15:30:38","guid":{"rendered":"https:\/\/falugazdasz.sk\/?p=1261"},"modified":"2026-01-12T16:30:41","modified_gmt":"2026-01-12T15:30:41","slug":"altalanos-berleti-dij-mertekenek-jelentese-2026-januar-31-ig","status":"publish","type":"post","link":"https:\/\/falugazdasz.sk\/hu\/altalanos-berleti-dij-mertekenek-jelentese-2026-januar-31-ig\/","title":{"rendered":"\u00c1ltal\u00e1nos b\u00e9rleti d\u00edj m\u00e9rt\u00e9k\u00e9nek jelent\u00e9se &#8211; 2026. janu\u00e1r 31.-ig"},"content":{"rendered":"\n<p>Szeretn\u00e9nk felh\u00edvni figyelm\u00fcket a <strong>2026. janu\u00e1r 31-i hat\u00e1rid\u0151re<\/strong>, amelynek \u00e9rtelm\u00e9ben a gazd\u00e1lkod\u00f3k k\u00f6telesek a <strong>meg\u00e1llapodott \u00e9s t\u00e9nylegesen megfizetett f\u00f6ldb\u00e9rleti d\u00edjakr\u00f3l<\/strong> adatot szolg\u00e1ltatni <strong>kataszteri ter\u00fcletenk\u00e9nt<\/strong> az illet\u00e9kes <strong>J\u00e1r\u00e1si Hivatal \u2013 F\u00f6ld\u00fcgyi \u00e9s Erd\u00e9szeti Oszt\u00e1lya<\/strong> r\u00e9sz\u00e9re.<\/p>\n\n\n\n<p>Ez a k\u00f6telezetts\u00e9g a <strong>504\/2003. sz. t\u00f6rv\u00e9ny<\/strong> (a mez\u0151gazdas\u00e1gi f\u00f6ldek b\u00e9rlet\u00e9r\u0151l) <strong>1. \u00a7 (3) bekezd\u00e9se \u00e9s 14. \u00a7 (3) bekezd\u00e9se<\/strong>, valamint az <strong>MPRV SR 172\/2018. sz. rendelet\u00e9nek 5. \u00a7-a<\/strong> alapj\u00e1n \u00e1ll fenn.<\/p>\n\n\n\n<p>A <strong>kit\u00f6lt\u00f6tt formanyomtatv\u00e1nyt<\/strong> minden egyes kataszteri ter\u00fcletre k\u00fcl\u00f6n-k\u00fcl\u00f6n (az MPRV SR 172\/2018. sz. rendelet <strong>3. mell\u00e9klete<\/strong> szerint), a <strong>2025. \u00e9vre vonatkoz\u00f3 adatokkal<\/strong>, a b\u00e9rl\u0151 k\u00f6teles <strong>2026. janu\u00e1r 31-ig<\/strong> beny\u00fajtani a j\u00e1r\u00e1si hivatalhoz.<\/p>\n\n\n\n<p><strong>Az adatszolg\u00e1ltat\u00e1si k\u00f6telezetts\u00e9g minden f\u00f6ldb\u00e9rl\u0151re vonatkozik!<\/strong><\/p>\n\n\n\n<div class=\"wp-block-file\"><a id=\"wp-block-file--media-0ecb6f8f-5554-438d-9e15-86acfc7d2fd6\" href=\"https:\/\/falugazdasz.sk\/wp-content\/uploads\/2026\/01\/vzor-tlaciva-sumarne-udaje-z-evidencie-najomneho.docx\">vzor-tlaciva-sumarne-udaje-z-evidencie-najomneho<\/a><a href=\"https:\/\/falugazdasz.sk\/wp-content\/uploads\/2026\/01\/vzor-tlaciva-sumarne-udaje-z-evidencie-najomneho.docx\" class=\"wp-block-file__button wp-element-button\" download aria-describedby=\"wp-block-file--media-0ecb6f8f-5554-438d-9e15-86acfc7d2fd6\">Let\u00f6lt\u00e9s<\/a><\/div>\n","protected":false},"excerpt":{"rendered":"<p>Szeretn\u00e9nk felh\u00edvni figyelm\u00fcket a 2026. janu\u00e1r 31-i hat\u00e1rid\u0151re, amelynek \u00e9rtelm\u00e9ben a gazd\u00e1lkod\u00f3k k\u00f6telesek a meg\u00e1llapodott \u00e9s t\u00e9nylegesen megfizetett f\u00f6ldb\u00e9rleti d\u00edjakr\u00f3l adatot szolg\u00e1ltatni kataszteri ter\u00fcletenk\u00e9nt az illet\u00e9kes J\u00e1r\u00e1si Hivatal \u2013 F\u00f6ld\u00fcgyi [&hellip;]<\/p>\n","protected":false},"author":2,"featured_media":1264,"comment_status":"closed","ping_status":"closed","sticky":false,"template":"","format":"standard","meta":{"_acf_changed":false,"pmpro_default_level":"","inline_featured_image":false,"footnotes":""},"categories":[100],"tags":[],"class_list":["post-1261","post","type-post","status-publish","format-standard","has-post-thumbnail","hentry","category-hirek","pmpro-has-access"],"acf":[],"_links":{"self":[{"href":"https:\/\/falugazdasz.sk\/hu\/wp-json\/wp\/v2\/posts\/1261","targetHints":{"allow":["GET"]}}],"collection":[{"href":"https:\/\/falugazdasz.sk\/hu\/wp-json\/wp\/v2\/posts"}],"about":[{"href":"https:\/\/falugazdasz.sk\/hu\/wp-json\/wp\/v2\/types\/post"}],"author":[{"embeddable":true,"href":"https:\/\/falugazdasz.sk\/hu\/wp-json\/wp\/v2\/users\/2"}],"replies":[{"embeddable":true,"href":"https:\/\/falugazdasz.sk\/hu\/wp-json\/wp\/v2\/comments?post=1261"}],"version-history":[{"count":1,"href":"https:\/\/falugazdasz.sk\/hu\/wp-json\/wp\/v2\/posts\/1261\/revisions"}],"predecessor-version":[{"id":1266,"href":"https:\/\/falugazdasz.sk\/hu\/wp-json\/wp\/v2\/posts\/1261\/revisions\/1266"}],"wp:featuredmedia":[{"embeddable":true,"href":"https:\/\/falugazdasz.sk\/hu\/wp-json\/wp\/v2\/media\/1264"}],"wp:attachment":[{"href":"https:\/\/falugazdasz.sk\/hu\/wp-json\/wp\/v2\/media?parent=1261"}],"wp:term":[{"taxonomy":"category","embeddable":true,"href":"https:\/\/falugazdasz.sk\/hu\/wp-json\/wp\/v2\/categories?post=1261"},{"taxonomy":"post_tag","embeddable":true,"href":"https:\/\/falugazdasz.sk\/hu\/wp-json\/wp\/v2\/tags?post=1261"}],"curies":[{"name":"wp","href":"https:\/\/api.w.org\/{rel}","templated":true}]}}