{"id":1274,"date":"2026-01-12T18:12:30","date_gmt":"2026-01-12T17:12:30","guid":{"rendered":"https:\/\/falugazdasz.sk\/pozvanka-na-odborny-seminar-akcny-plan-a-koordinovany-postup-v-boji-proti-zlatemu-zltnutiu-vinica\/"},"modified":"2026-01-12T18:23:10","modified_gmt":"2026-01-12T17:23:10","slug":"pozvanka-na-odborny-seminar-akcny-plan-a-koordinovany-postup-v-boji-proti-zlatemu-zltnutiu-vinica","status":"publish","type":"post","link":"https:\/\/falugazdasz.sk\/hu\/pozvanka-na-odborny-seminar-akcny-plan-a-koordinovany-postup-v-boji-proti-zlatemu-zltnutiu-vinica\/","title":{"rendered":"Megh\u00edv\u00f3 szakmai szemin\u00e1riumra \u2013 Akci\u00f3terv \u00e9s \u00f6sszehangolt fell\u00e9p\u00e9s az aranysz\u00edn\u0171 s\u00e1rgas\u00e1g elleni k\u00fczdelemben"},"content":{"rendered":"\n<p>A Szlov\u00e1k K\u00f6zt\u00e1rsas\u00e1g Mez\u0151gazdas\u00e1gi \u00e9s Vid\u00e9kfejleszt\u00e9si Miniszt\u00e9riuma, egy\u00fcttm\u0171k\u00f6d\u00e9sben a Pozsonyi K\u00f6zponti Mez\u0151gazdas\u00e1gi Ellen\u0151rz\u0151 \u00e9s Vizsg\u00e1l\u00f3 Int\u00e9zettel, tisztelettel megh\u00edvja \u00d6nt az <strong>\u201eAkci\u00f3terv \u00e9s \u00f6sszehangolt fell\u00e9p\u00e9s a sz\u0151l\u0151 aranysz\u00edn\u0171 s\u00e1rgul\u00e1sa elleni k\u00fczdelemben\u201d<\/strong> c\u00edm\u0171 t\u00e1j\u00e9koztat\u00f3 \u00e9s k\u00e9pz\u00e9si szemin\u00e1riumra, amelyre az al\u00e1bbi id\u0151pontban ker\u00fcl sor:<\/p>\n\n\n\n<p><strong>2026. janu\u00e1r 14-\u00e9n (szerda), 9:00 \u00f3r\u00e1t\u00f3l<\/strong><\/p>\n\n\n\n<p>A rendezv\u00e9ny form\u00e1ja:<\/p>\n\n\n\n<ul class=\"wp-block-list\">\n<li><strong>Szem\u00e9lyes r\u00e9szv\u00e9tellel<\/strong> a Szlov\u00e1k K\u00f6zt\u00e1rsas\u00e1g \u00c1llami \u00c1llateg\u00e9szs\u00e9g\u00fcgyi \u00e9s \u00c9lelmiszer-biztons\u00e1gi Hat\u00f3s\u00e1g\u00e1nak (\u0160VPS SR) aul\u00e1j\u00e1ban<br>C\u00edm: Botanick\u00e1 17, Pozsony<\/li>\n\n\n\n<li><strong>Online csatlakoz\u00e1si lehet\u0151s\u00e9ggel<\/strong> az <strong>MS TEAMS<\/strong> platformon kereszt\u00fcl<br><em><a href=\"https:\/\/teams.microsoft.com\/l\/meetup-join\/19%3ameeting_NmM5NzI5YzItNmRhZi00MjY3LTg5NWQtYzhhYmNjNWFhMjYx%40thread.v2\/0?context=%7b%22Tid%22%3a%226c5449e1-6d4f-4804-873e-145be57ad327%22%2c%22Oid%22%3a%22ff975b75-247a-4291-b202-4f43f4dbb277%22%7d\" data-type=\"link\" data-id=\"https:\/\/teams.microsoft.com\/l\/meetup-join\/19%3ameeting_NmM5NzI5YzItNmRhZi00MjY3LTg5NWQtYzhhYmNjNWFhMjYx%40thread.v2\/0?context=%7b%22Tid%22%3a%226c5449e1-6d4f-4804-873e-145be57ad327%22%2c%22Oid%22%3a%22ff975b75-247a-4291-b202-4f43f4dbb277%22%7d\" target=\"_blank\" rel=\"noopener\">(Csatlakoz\u00e1s az \u00e9rtekezlethez)<\/a><\/em><\/li>\n<\/ul>\n\n\n\n<p>A rendezv\u00e9ny c\u00e9lja:<br>Bemutatni a betegs\u00e9g aktu\u00e1lis el\u0151fordul\u00e1si helyzet\u00e9t Szlov\u00e1kia ter\u00fclet\u00e9n, ismertetni a sz\u0151l\u0151termeszt\u0151 szakmai k\u00f6z\u00f6ns\u00e9ggel a sz\u0151l\u0151 aranysz\u00edn\u0171 s\u00e1rgul\u00e1sa elleni k\u00fczdelem akci\u00f3terv\u00e9t, valamint gyakorlati inform\u00e1ci\u00f3kat ny\u00fajtani az alkalmazand\u00f3 int\u00e9zked\u00e9sekr\u0151l, a monitoringrendszerr\u0151l, az \u00fczemeltet\u0151k k\u00f6telezetts\u00e9geir\u0151l \u00e9s a fert\u0151z\u00e9s terjed\u00e9s\u00e9nek visszaszor\u00edt\u00e1s\u00e1ra szolg\u00e1l\u00f3 m\u00f3dszertanr\u00f3l.<\/p>\n\n\n\n<p>Az inform\u00e1ci\u00f3s \u00e9s k\u00e9pz\u00e9si szemin\u00e1rium <strong>d\u00edjmentes<\/strong>.<\/p>\n\n\n\n<p>Az aula befogad\u00f3k\u00e9pess\u00e9ge <strong>100 f\u0151<\/strong>, ez\u00e9rt szem\u00e9lyes r\u00e9szv\u00e9tel eset\u00e9n k\u00e9rj\u00fck a <strong>regisztr\u00e1ci\u00f3s \u0171rlap kit\u00f6lt\u00e9s\u00e9t<\/strong> az al\u00e1bbi linken:<br>\ud83d\udc49 <a href=\"https:\/\/forms.gle\/PYi2a56sjiLtne426\" target=\"_blank\" rel=\"noopener\">https:\/\/forms.gle\/PYi2a56sjiLtne426<\/a><\/p>\n\n\n\n<p>\ud83d\udcc4 <strong>A teljes megh\u00edv\u00f3 programmal \u00e9s r\u00e9szv\u00e9teli \u00fatmutat\u00f3val:<\/strong><br><em><a href=\"https:\/\/www.uksup.sk\/storage\/app\/media\/uploaded-files\/Pozv%C3%A1nka%20-%20GFDP%20odborn%C3%A9%20predn%C3%A1%C5%A1ky%2014.01.2026.pdf\" data-type=\"link\" data-id=\"https:\/\/www.uksup.sk\/storage\/app\/media\/uploaded-files\/Pozv%C3%A1nka%20-%20GFDP%20odborn%C3%A9%20predn%C3%A1%C5%A1ky%2014.01.2026.pdf\" target=\"_blank\" rel=\"noopener\">Megh\u00edv\u00f3 \u2013 GFDP szakmai el\u0151ad\u00e1sok, 2026. 01. 14.<\/a><\/em><\/p>\n\n\n\n<p>Forr\u00e1s: <a href=\"https:\/\/www.uksup.sk\/sk\/aktualita\/446\/pozvanka-na-odborny-seminar-akcny-plan-a-koordinovany-postup-v-boji-proti-zlatemu-zltnutiu-vinica\" data-type=\"link\" data-id=\"https:\/\/www.uksup.sk\/sk\/aktualita\/446\/pozvanka-na-odborny-seminar-akcny-plan-a-koordinovany-postup-v-boji-proti-zlatemu-zltnutiu-vinica\" target=\"_blank\" rel=\"noopener\">\u00daKS\u00daP<\/a><\/p>\n","protected":false},"excerpt":{"rendered":"<p>A Szlov\u00e1k K\u00f6zt\u00e1rsas\u00e1g Mez\u0151gazdas\u00e1gi \u00e9s Vid\u00e9kfejleszt\u00e9si Miniszt\u00e9riuma, egy\u00fcttm\u0171k\u00f6d\u00e9sben a Pozsonyi K\u00f6zponti Mez\u0151gazdas\u00e1gi Ellen\u0151rz\u0151 \u00e9s Vizsg\u00e1l\u00f3 Int\u00e9zettel, tisztelettel megh\u00edvja \u00d6nt az \u201eAkci\u00f3terv \u00e9s \u00f6sszehangolt fell\u00e9p\u00e9s a sz\u0151l\u0151 aranysz\u00edn\u0171 s\u00e1rgul\u00e1sa elleni k\u00fczdelemben\u201d [&hellip;]<\/p>\n","protected":false},"author":2,"featured_media":200,"comment_status":"closed","ping_status":"closed","sticky":false,"template":"","format":"standard","meta":{"_acf_changed":false,"pmpro_default_level":"","inline_featured_image":false,"footnotes":""},"categories":[100],"tags":[],"class_list":["post-1274","post","type-post","status-publish","format-standard","has-post-thumbnail","hentry","category-hirek","pmpro-has-access"],"acf":[],"_links":{"self":[{"href":"https:\/\/falugazdasz.sk\/hu\/wp-json\/wp\/v2\/posts\/1274","targetHints":{"allow":["GET"]}}],"collection":[{"href":"https:\/\/falugazdasz.sk\/hu\/wp-json\/wp\/v2\/posts"}],"about":[{"href":"https:\/\/falugazdasz.sk\/hu\/wp-json\/wp\/v2\/types\/post"}],"author":[{"embeddable":true,"href":"https:\/\/falugazdasz.sk\/hu\/wp-json\/wp\/v2\/users\/2"}],"replies":[{"embeddable":true,"href":"https:\/\/falugazdasz.sk\/hu\/wp-json\/wp\/v2\/comments?post=1274"}],"version-history":[{"count":4,"href":"https:\/\/falugazdasz.sk\/hu\/wp-json\/wp\/v2\/posts\/1274\/revisions"}],"predecessor-version":[{"id":1279,"href":"https:\/\/falugazdasz.sk\/hu\/wp-json\/wp\/v2\/posts\/1274\/revisions\/1279"}],"wp:featuredmedia":[{"embeddable":true,"href":"https:\/\/falugazdasz.sk\/hu\/wp-json\/wp\/v2\/media\/200"}],"wp:attachment":[{"href":"https:\/\/falugazdasz.sk\/hu\/wp-json\/wp\/v2\/media?parent=1274"}],"wp:term":[{"taxonomy":"category","embeddable":true,"href":"https:\/\/falugazdasz.sk\/hu\/wp-json\/wp\/v2\/categories?post=1274"},{"taxonomy":"post_tag","embeddable":true,"href":"https:\/\/falugazdasz.sk\/hu\/wp-json\/wp\/v2\/tags?post=1274"}],"curies":[{"name":"wp","href":"https:\/\/api.w.org\/{rel}","templated":true}]}}