{"id":1344,"date":"2026-01-29T13:41:30","date_gmt":"2026-01-29T12:41:30","guid":{"rendered":"https:\/\/falugazdasz.sk\/?p=1344"},"modified":"2026-01-29T13:41:33","modified_gmt":"2026-01-29T12:41:33","slug":"technologiai-fejlodes-es-digitalizacio-az-agrariumban-agromashexpo-2026","status":"publish","type":"post","link":"https:\/\/falugazdasz.sk\/hu\/technologiai-fejlodes-es-digitalizacio-az-agrariumban-agromashexpo-2026\/","title":{"rendered":"Technol\u00f3giai fejl\u0151d\u00e9s \u00e9s digitaliz\u00e1ci\u00f3 az agr\u00e1riumban \u2013 AGROmashEXPO 2026"},"content":{"rendered":"\n<p>Az <strong>AGROmashEXPO \u00e9s Agr\u00e1rg\u00e9pShow 2026<\/strong> ism\u00e9t meger\u0151s\u00edtette poz\u00edci\u00f3j\u00e1t a hazai agr\u00e1rium egyik legfontosabb szakmai tal\u00e1lkoz\u00f3jak\u00e9nt. A rendezv\u00e9ny a <strong>HUNGEXPO Budapest Kongresszusi \u00e9s Ki\u00e1ll\u00edt\u00e1si K\u00f6zpont<\/strong> ter\u00fclet\u00e9n zajlott, ahol a mez\u0151gazdas\u00e1g teljes spektruma \u2013 a n\u00f6v\u00e9nytermeszt\u00e9st\u0151l az \u00e1llatteny\u00e9szt\u00e9sen \u00e1t az agr\u00e1rdigitaliz\u00e1ci\u00f3ig \u2013 koncentr\u00e1ltan jelent meg.<\/p>\n\n\n\n<p>A 2026-os esem\u00e9ny a kor\u00e1bbi \u00e9vhez k\u00e9pest \u00e9rz\u00e9kelhet\u0151en nagyobb l\u00e9pt\u00e9k\u0171 volt: t\u00f6bb ki\u00e1ll\u00edt\u00f3, sz\u00e9lesebb term\u00e9kk\u00edn\u00e1lat \u00e9s \u00e9rdemben b\u0151v\u00fcl\u0151 szakmai program jellemezte. A konferenci\u00e1k, panelbesz\u00e9lget\u00e9sek \u00e9s tematikus el\u0151ad\u00e1sok a gazd\u00e1lkod\u00f3k mindennapi d\u00f6nt\u00e9seit \u00e9rint\u0151 k\u00e9rd\u00e9sekre f\u00f3kusz\u00e1ltak \u2013 k\u00fcl\u00f6n\u00f6s tekintettel a piaci kil\u00e1t\u00e1sokra, a KAP-hoz kapcsol\u00f3d\u00f3 gyakorlati tudnival\u00f3kra, a talajmeg\u00faj\u00edt\u00e1sra \u00e9s az inputfelhaszn\u00e1l\u00e1s optimaliz\u00e1l\u00e1s\u00e1ra.<\/p>\n\n\n\n<p>A ki\u00e1ll\u00edt\u00f3t\u00e9rben mark\u00e1nsan megjelent az agr\u00e1rtechnol\u00f3giai fejl\u0151d\u00e9s. A prec\u00edzi\u00f3s megold\u00e1sok mellett egyre nagyobb hangs\u00falyt kaptak a <strong>mesters\u00e9ges intelligenci\u00e1val t\u00e1mogatott rendszerek<\/strong>, az adatvez\u00e9relt d\u00f6nt\u00e9st\u00e1mogat\u00e1s, valamint az automatiz\u00e1lt g\u00e9pvez\u00e9rl\u00e9s. Ezek a megold\u00e1sok nem \u00f6nc\u00e9l\u00fa fejleszt\u00e9sek: c\u00e9ljuk a hat\u00e9konys\u00e1g n\u00f6vel\u00e9se, a k\u00f6lts\u00e9gek cs\u00f6kkent\u00e9se \u00e9s a k\u00f6rnyezeti terhel\u00e9s m\u00e9rs\u00e9kl\u00e9se, mik\u00f6zben stabilabb term\u00e9sbiztons\u00e1got k\u00edn\u00e1lnak a termel\u0151k sz\u00e1m\u00e1ra.<\/p>\n\n\n\n<p>A programsorozat r\u00e9szek\u00e9nt az \u00e1llatteny\u00e9szt\u00e9si tematik\u00e1k is er\u0151s\u00f6dtek, fajspecifikus el\u0151ad\u00e1sokkal \u00e9s gyakorlati bemutat\u00f3kkal. Az \u00e1llateg\u00e9szs\u00e9g\u00fcgy, az antibiotikum-haszn\u00e1lat cs\u00f6kkent\u00e9se, valamint a digit\u00e1lis megfigyel\u0151 \u00e9s menedzsment rendszerek alkalmaz\u00e1sa olyan k\u00e9rd\u00e9sek voltak, amelyek sz\u00e9les szakmai \u00e9rdekl\u0151d\u00e9st v\u00e1ltottak ki.<\/p>\n\n\n\n<p>Szakmai szemmel n\u00e9zve k\u00fcl\u00f6n\u00f6sen \u00e9rt\u00e9kes volt, hogy <strong>egy teljes napot t\u00f6lthettem el a ki\u00e1ll\u00edt\u00e1son<\/strong>, \u00e9s k\u00f6zvetlen\u00fcl tapasztalhattam a fejl\u0151d\u00e9st. A tavalyi \u00e9vhez k\u00e9pest a rendezv\u00e9ny \u00e9rezhet\u0151en nagyobb lett, mind a ki\u00e1ll\u00edt\u00f3k sz\u00e1m\u00e1t, mind a szakmai el\u0151ad\u00e1sok \u00e9s k\u00eds\u00e9r\u0151programok mennyis\u00e9g\u00e9t tekintve. Lehet\u0151s\u00e9gem ny\u00edlt olyan term\u00e9kek \u00e9s megold\u00e1sok megismer\u00e9s\u00e9re is, amelyek <strong>\u00fajdons\u00e1gnak sz\u00e1m\u00edtanak a hazai piacon<\/strong>, \u00e9s r\u00f6vid-k\u00f6z\u00e9pt\u00e1von val\u00f3s alternat\u00edv\u00e1t jelenthetnek a gazd\u00e1lkod\u00f3k sz\u00e1m\u00e1ra.<\/p>\n\n\n\n<p>Egy\u00e9rtelm\u0171en l\u00e1that\u00f3, hogy az agr\u00e1riumba is meg\u00e9rkezett \u2013 \u00e9s folyamatosan er\u0151s\u00f6dik \u2013 a technol\u00f3giai szeml\u00e9letv\u00e1lt\u00e1s. A mesters\u00e9ges intelligenci\u00e1t alkalmaz\u00f3 g\u00e9pek \u00e9s rendszerek m\u00e1r nem a j\u00f6v\u0151 \u00edg\u00e9retei, hanem a jelen gyakorlati eszk\u00f6zei, amelyek a gazd\u00e1k munk\u00e1j\u00e1t hat\u00e9konyabb\u00e1, k\u00f6lts\u00e9gtudatosabb\u00e1 \u00e9s k\u00f6rnyezetk\u00edm\u00e9l\u0151bb\u00e9 teszik.<\/p>\n\n\n\n<p>Az AGROmashEXPO 2026 nem csup\u00e1n term\u00e9kbemutat\u00f3 volt, hanem <strong>szakmai ir\u00e1nyt\u0171<\/strong> is: j\u00f3l \u00e9rz\u00e9keltette, merre tart a hazai \u00e9s nemzetk\u00f6zi mez\u0151gazdas\u00e1g. A n\u00f6vekv\u0151 m\u00e9ret, a magas sz\u00ednvonal\u00fa szakmai programok \u00e9s az innovat\u00edv technol\u00f3gi\u00e1k jelenl\u00e9te alapj\u00e1n a ki\u00e1ll\u00edt\u00e1s egy\u00e9rtelm\u0171en hozz\u00e1j\u00e1rul ahhoz, hogy a termel\u0151k megalapozottabb d\u00f6nt\u00e9seket hozhassanak, \u00e9s felk\u00e9sz\u00fclten reag\u00e1ljanak az \u00e1gazat el\u0151tt \u00e1ll\u00f3 kih\u00edv\u00e1sokra.<\/p>\n\n\n\n<p>Ing. Bartos Gergely<br>falugazd\u00e1sz<\/p>\n\n\n<div class=\"rl-gallery-container rl-loading\" id=\"rl-gallery-container-1\" data-gallery_id=\"1345\"> <div class=\"rl-gallery rl-basicgrid-gallery \" id=\"rl-gallery-1\" data-gallery_no=\"1\"> <div class=\"rl-gallery-item\"><a href=\"https:\/\/falugazdasz.sk\/wp-content\/uploads\/2026\/01\/Kep1.jpg\" title=\"\" data-rl_title=\"\" class=\"rl-gallery-link\" data-rl_caption=\"\" data-rel=\"lightbox-gallery-1\"><img loading=\"lazy\" decoding=\"async\" src=\"https:\/\/falugazdasz.sk\/wp-content\/uploads\/2026\/01\/Kep1-225x300.jpg\" width=\"225\" height=\"300\" alt=\"\"\/><\/a><\/div><div class=\"rl-gallery-item\"><a href=\"https:\/\/falugazdasz.sk\/wp-content\/uploads\/2026\/01\/Kep2.jpg\" title=\"\" data-rl_title=\"\" class=\"rl-gallery-link\" data-rl_caption=\"\" data-rel=\"lightbox-gallery-1\"><img loading=\"lazy\" decoding=\"async\" src=\"https:\/\/falugazdasz.sk\/wp-content\/uploads\/2026\/01\/Kep2-300x225.jpg\" width=\"300\" height=\"225\" alt=\"\"\/><\/a><\/div><div class=\"rl-gallery-item\"><a href=\"https:\/\/falugazdasz.sk\/wp-content\/uploads\/2026\/01\/Kep3.jpg\" title=\"\" data-rl_title=\"\" class=\"rl-gallery-link\" data-rl_caption=\"\" data-rel=\"lightbox-gallery-1\"><img loading=\"lazy\" decoding=\"async\" src=\"https:\/\/falugazdasz.sk\/wp-content\/uploads\/2026\/01\/Kep3-225x300.jpg\" width=\"225\" height=\"300\" alt=\"\"\/><\/a><\/div><div class=\"rl-gallery-item\"><a href=\"https:\/\/falugazdasz.sk\/wp-content\/uploads\/2026\/01\/Kep4.jpg\" title=\"\" data-rl_title=\"\" class=\"rl-gallery-link\" data-rl_caption=\"\" data-rel=\"lightbox-gallery-1\"><img loading=\"lazy\" decoding=\"async\" src=\"https:\/\/falugazdasz.sk\/wp-content\/uploads\/2026\/01\/Kep4-225x300.jpg\" width=\"225\" height=\"300\" alt=\"\"\/><\/a><\/div><div class=\"rl-gallery-item\"><a href=\"https:\/\/falugazdasz.sk\/wp-content\/uploads\/2026\/01\/Kep5.jpg\" title=\"\" data-rl_title=\"\" class=\"rl-gallery-link\" data-rl_caption=\"\" data-rel=\"lightbox-gallery-1\"><img loading=\"lazy\" decoding=\"async\" src=\"https:\/\/falugazdasz.sk\/wp-content\/uploads\/2026\/01\/Kep5-225x300.jpg\" width=\"225\" height=\"300\" alt=\"\"\/><\/a><\/div><div class=\"rl-gallery-item\"><a href=\"https:\/\/falugazdasz.sk\/wp-content\/uploads\/2026\/01\/Kep6.jpg\" title=\"\" data-rl_title=\"\" class=\"rl-gallery-link\" data-rl_caption=\"\" data-rel=\"lightbox-gallery-1\"><img loading=\"lazy\" decoding=\"async\" src=\"https:\/\/falugazdasz.sk\/wp-content\/uploads\/2026\/01\/Kep6-225x300.jpg\" width=\"225\" height=\"300\" alt=\"\"\/><\/a><\/div><div class=\"rl-gallery-item\"><a href=\"https:\/\/falugazdasz.sk\/wp-content\/uploads\/2026\/01\/Kep7.jpg\" title=\"\" data-rl_title=\"\" class=\"rl-gallery-link\" data-rl_caption=\"\" data-rel=\"lightbox-gallery-1\"><img loading=\"lazy\" decoding=\"async\" src=\"https:\/\/falugazdasz.sk\/wp-content\/uploads\/2026\/01\/Kep7-225x300.jpg\" width=\"225\" height=\"300\" alt=\"\"\/><\/a><\/div> <\/div> <\/div>\n","protected":false},"excerpt":{"rendered":"<p>Az AGROmashEXPO \u00e9s Agr\u00e1rg\u00e9pShow 2026 ism\u00e9t meger\u0151s\u00edtette poz\u00edci\u00f3j\u00e1t a hazai agr\u00e1rium egyik legfontosabb szakmai tal\u00e1lkoz\u00f3jak\u00e9nt. A rendezv\u00e9ny a HUNGEXPO Budapest Kongresszusi \u00e9s Ki\u00e1ll\u00edt\u00e1si K\u00f6zpont ter\u00fclet\u00e9n zajlott, ahol a mez\u0151gazdas\u00e1g teljes [&hellip;]<\/p>\n","protected":false},"author":2,"featured_media":1356,"comment_status":"closed","ping_status":"closed","sticky":false,"template":"","format":"standard","meta":{"_acf_changed":false,"pmpro_default_level":"","inline_featured_image":false,"footnotes":""},"categories":[100],"tags":[],"class_list":["post-1344","post","type-post","status-publish","format-standard","has-post-thumbnail","hentry","category-hirek","pmpro-has-access"],"acf":[],"_links":{"self":[{"href":"https:\/\/falugazdasz.sk\/hu\/wp-json\/wp\/v2\/posts\/1344","targetHints":{"allow":["GET"]}}],"collection":[{"href":"https:\/\/falugazdasz.sk\/hu\/wp-json\/wp\/v2\/posts"}],"about":[{"href":"https:\/\/falugazdasz.sk\/hu\/wp-json\/wp\/v2\/types\/post"}],"author":[{"embeddable":true,"href":"https:\/\/falugazdasz.sk\/hu\/wp-json\/wp\/v2\/users\/2"}],"replies":[{"embeddable":true,"href":"https:\/\/falugazdasz.sk\/hu\/wp-json\/wp\/v2\/comments?post=1344"}],"version-history":[{"count":1,"href":"https:\/\/falugazdasz.sk\/hu\/wp-json\/wp\/v2\/posts\/1344\/revisions"}],"predecessor-version":[{"id":1361,"href":"https:\/\/falugazdasz.sk\/hu\/wp-json\/wp\/v2\/posts\/1344\/revisions\/1361"}],"wp:featuredmedia":[{"embeddable":true,"href":"https:\/\/falugazdasz.sk\/hu\/wp-json\/wp\/v2\/media\/1356"}],"wp:attachment":[{"href":"https:\/\/falugazdasz.sk\/hu\/wp-json\/wp\/v2\/media?parent=1344"}],"wp:term":[{"taxonomy":"category","embeddable":true,"href":"https:\/\/falugazdasz.sk\/hu\/wp-json\/wp\/v2\/categories?post=1344"},{"taxonomy":"post_tag","embeddable":true,"href":"https:\/\/falugazdasz.sk\/hu\/wp-json\/wp\/v2\/tags?post=1344"}],"curies":[{"name":"wp","href":"https:\/\/api.w.org\/{rel}","templated":true}]}}