{"id":1366,"date":"2026-02-03T16:01:43","date_gmt":"2026-02-03T15:01:43","guid":{"rendered":"https:\/\/falugazdasz.sk\/?p=1366"},"modified":"2026-02-03T16:01:45","modified_gmt":"2026-02-03T15:01:45","slug":"tavaszi-idojarasi-kilatasok-es-talaj-csapadek-viszonyok-a-mezogazdasagban","status":"publish","type":"post","link":"https:\/\/falugazdasz.sk\/hu\/tavaszi-idojarasi-kilatasok-es-talaj-csapadek-viszonyok-a-mezogazdasagban\/","title":{"rendered":"Tavaszi id\u0151j\u00e1r\u00e1si kil\u00e1t\u00e1sok \u00e9s talaj\u2013csapad\u00e9k viszonyok a mez\u0151gazdas\u00e1gban"},"content":{"rendered":"\n<p>A mez\u0151gazdas\u00e1g tavaszi id\u0151j\u00e1r\u00e1s-el\u0151rejelz\u00e9se 2026-ra kedvez\u0151 tendenci\u00e1t mutat: v\u00e1rhat\u00f3an t\u00f6bb csapad\u00e9k \u00e9rkezik, ami jav\u00edthatja a talajok felt\u00f6lt\u0151d\u00e9s\u00e9t, ugyanakkor az \u00e1tmeneti fagyok \u00e9s a talaj felfagy\u00e1s\u00e1nak kock\u00e1zata tov\u00e1bbra is sz\u00e1mottev\u0151 t\u00e9nyez\u0151 a gazd\u00e1lkod\u00f3k sz\u00e1m\u00e1ra.<\/p>\n\n\n\n<p><strong>Csapad\u00e9k \u00e9s talajnedvess\u00e9g<br><\/strong>Az el\u0151rejelz\u00e9sek szerint a tavasz folyam\u00e1n t\u00f6bb hull\u00e1mban v\u00e1rhat\u00f3 csapad\u00e9k, ami hozz\u00e1j\u00e1rulhat a talaj fels\u0151 r\u00e9tegeinek felt\u00f6lt\u0151d\u00e9s\u00e9hez, k\u00fcl\u00f6n\u00f6sen az \u0151szi vet\u00e9sek sz\u00e1m\u00e1ra. Ugyanakkor a talaj m\u00e9lyebb r\u00e9tegeiben m\u00e9g fenn\u00e1ll\u00f3 nedvess\u00e9ghi\u00e1ny \u00e9s a t\u00e9li fagy\u00e1s\u2013olvad\u00e1s ciklusok befoly\u00e1solhatj\u00e1k a talaj szerkezet\u00e9t \u00e9s kel\u00e9si felt\u00e9teleket.<\/p>\n\n\n\n<p><strong>Tavaszi vet\u00e9si \u00e9s talajmunk\u00e1k<br><\/strong>A csapad\u00e9k \u00e9rkez\u00e9se kedvez\u0151bb terepviszonyokat teremthet a tavaszi vet\u00e9sek \u00e9s talaj-el\u0151k\u00e9sz\u00edt\u00e9s sz\u00e1m\u00e1ra, ha a talaj nem marad t\u00fal nedves huzamosabb ideig. A fagyos \u00e9jszak\u00e1kb\u00f3l ered\u0151 kock\u00e1zatokat \u00e9rdemes figyelembe venni a vet\u00e9s id\u0151z\u00edt\u00e9s\u00e9n\u00e9l; a talaj fels\u0151 r\u00e9tegeiben a fagy\u2013olvad\u00e1s ciklusok megnehez\u00edthetik a g\u00e9pi munkav\u00e9gz\u00e9st.<\/p>\n\n\n\n<p><strong>Term\u00e9skil\u00e1t\u00e1sok<br><\/strong>Hosszabb t\u00e1von a kedvez\u0151 tavaszi viszonyok \u00e1tmenetileg jav\u00edthatj\u00e1k az \u0151szi gabonaf\u00e9l\u00e9k \u00e9s repce fejl\u0151d\u00e9s\u00e9t, de az asz\u00e1lyos id\u0151szakok \u00e9s csapad\u00e9keloszl\u00e1s ingadoz\u00e1sa tov\u00e1bbra is kock\u00e1zati t\u00e9nyez\u0151. Kor\u00e1bbi tapasztalatok szerint egyes ter\u00fcleteken a k\u00e9s\u0151i tavasz \u00e9s a csapad\u00e9khi\u00e1ny k\u00e9sleltethette a vet\u00e9seket, \u00e9s kih\u00edv\u00e1sokat okozott a kukorica fejl\u0151d\u00e9s\u00e9ben is.<\/p>\n\n\n\n<p><strong>Kock\u00e1zatok \u00e9s gazd\u00e1lkod\u00f3i szempontok<br><\/strong>A fagyok \u00e9s a talaj felfagy\u00e1sa k\u00e9sei vet\u00e9sek eset\u00e9n jelent\u0151s kock\u00e1zatot jelentenek, ez\u00e9rt a vet\u00e9s\u2013talajmunka \u00fctemez\u00e9s\u00e9n\u00e9l fontos a folyamatos meteorol\u00f3giai monitoring. A talajnedvess\u00e9g egyenletes felt\u00f6lt\u0151d\u00e9se kulcsfontoss\u00e1g\u00fa a n\u00f6v\u00e9nyalap\u00fa fejl\u0151d\u00e9shez, k\u00fcl\u00f6n\u00f6sen az asz\u00e1lyra \u00e9rz\u00e9keny kult\u00far\u00e1k eset\u00e9n.<\/p>\n\n\n\n<p><strong>Sz\u00e9lesebb eur\u00f3pai \u00e9s hazai trendek<br><\/strong>K\u00f6z\u00e9p-Kelet-Eur\u00f3pa t\u00f6bb r\u00e9sz\u00e9n a t\u00e9li csapad\u00e9k alacsonyabb volt az \u00e1tlagosn\u00e1l, ami fokozhatja a talajnedvess\u00e9g-hi\u00e1nyt a tavaszi munk\u00e1k el\u0151tt. Ugyanakkor el\u0151fordultak csapad\u00e9kosabb peri\u00f3dusok is, amelyek visszat\u00f6lt\u00f6tt\u00e9k a fels\u0151 talajr\u00e9tegeket, de nem mindig a m\u00e9lyebb szinteket. A kl\u00edmav\u00e1ltoz\u00e1s hat\u00e1sai (magasabb t\u00e9li \u00e9s tavaszi h\u0151m\u00e9rs\u00e9kletek, v\u00e1ltoz\u00f3 csapad\u00e9keloszl\u00e1s) egyre nagyobb kih\u00edv\u00e1st jelenthetnek a mez\u0151gazdas\u00e1g sz\u00e1m\u00e1ra.<\/p>\n\n\n\n<p>A 2026-os tavasz id\u0151j\u00e1r\u00e1si kil\u00e1t\u00e1sai a mez\u0151gazdas\u00e1g szempontj\u00e1b\u00f3l vegyesnek tekinthet\u0151k: nagyobb csapad\u00e9kra van kil\u00e1t\u00e1s, amely jav\u00edthatja a talajnedvess\u00e9get \u00e9s seg\u00edtheti a vet\u00e9seket, de tov\u00e1bbra is sz\u00e1molni kell a fagyok, talajfagy\u00e1s \u00e9s talajnedvess\u00e9g-eloszl\u00e1s ingadoz\u00e1s\u00e1nak hat\u00e1saival.<\/p>\n","protected":false},"excerpt":{"rendered":"<p>A mez\u0151gazdas\u00e1g tavaszi id\u0151j\u00e1r\u00e1s-el\u0151rejelz\u00e9se 2026-ra kedvez\u0151 tendenci\u00e1t mutat: v\u00e1rhat\u00f3an t\u00f6bb csapad\u00e9k \u00e9rkezik, ami jav\u00edthatja a talajok felt\u00f6lt\u0151d\u00e9s\u00e9t, ugyanakkor az \u00e1tmeneti fagyok \u00e9s a talaj felfagy\u00e1s\u00e1nak kock\u00e1zata tov\u00e1bbra is sz\u00e1mottev\u0151 t\u00e9nyez\u0151 [&hellip;]<\/p>\n","protected":false},"author":2,"featured_media":686,"comment_status":"closed","ping_status":"closed","sticky":false,"template":"","format":"standard","meta":{"_acf_changed":false,"pmpro_default_level":"","inline_featured_image":false,"footnotes":""},"categories":[100],"tags":[],"class_list":["post-1366","post","type-post","status-publish","format-standard","has-post-thumbnail","hentry","category-hirek","pmpro-has-access"],"acf":[],"_links":{"self":[{"href":"https:\/\/falugazdasz.sk\/hu\/wp-json\/wp\/v2\/posts\/1366","targetHints":{"allow":["GET"]}}],"collection":[{"href":"https:\/\/falugazdasz.sk\/hu\/wp-json\/wp\/v2\/posts"}],"about":[{"href":"https:\/\/falugazdasz.sk\/hu\/wp-json\/wp\/v2\/types\/post"}],"author":[{"embeddable":true,"href":"https:\/\/falugazdasz.sk\/hu\/wp-json\/wp\/v2\/users\/2"}],"replies":[{"embeddable":true,"href":"https:\/\/falugazdasz.sk\/hu\/wp-json\/wp\/v2\/comments?post=1366"}],"version-history":[{"count":1,"href":"https:\/\/falugazdasz.sk\/hu\/wp-json\/wp\/v2\/posts\/1366\/revisions"}],"predecessor-version":[{"id":1367,"href":"https:\/\/falugazdasz.sk\/hu\/wp-json\/wp\/v2\/posts\/1366\/revisions\/1367"}],"wp:featuredmedia":[{"embeddable":true,"href":"https:\/\/falugazdasz.sk\/hu\/wp-json\/wp\/v2\/media\/686"}],"wp:attachment":[{"href":"https:\/\/falugazdasz.sk\/hu\/wp-json\/wp\/v2\/media?parent=1366"}],"wp:term":[{"taxonomy":"category","embeddable":true,"href":"https:\/\/falugazdasz.sk\/hu\/wp-json\/wp\/v2\/categories?post=1366"},{"taxonomy":"post_tag","embeddable":true,"href":"https:\/\/falugazdasz.sk\/hu\/wp-json\/wp\/v2\/tags?post=1366"}],"curies":[{"name":"wp","href":"https:\/\/api.w.org\/{rel}","templated":true}]}}