{"id":1599,"date":"2026-03-10T10:20:39","date_gmt":"2026-03-10T09:20:39","guid":{"rendered":"https:\/\/falugazdasz.sk\/?p=1599"},"modified":"2026-03-10T10:20:41","modified_gmt":"2026-03-10T09:20:41","slug":"tavaszi-allomanyfelmeres-es-piaci-strategia","status":"publish","type":"post","link":"https:\/\/falugazdasz.sk\/hu\/tavaszi-allomanyfelmeres-es-piaci-strategia\/","title":{"rendered":"Tavaszi \u00e1llom\u00e1nyfelm\u00e9r\u00e9s \u00e9s piaci strat\u00e9gia"},"content":{"rendered":"\n<p>A sz\u00e1nt\u00f3f\u00f6ldi n\u00f6v\u00e9nytermeszt\u00e9sben a tavasz kezdete minden \u00e9vben kulcsfontoss\u00e1g\u00fa id\u0151szak. A t\u00e9l v\u00e9g\u00e9t k\u00f6vet\u0151en a gazd\u00e1lkod\u00f3k sz\u00e1m\u00e1ra ekkor v\u00e1lik igaz\u00e1n l\u00e1that\u00f3v\u00e1, milyen \u00e1llapotban v\u00e9szelt\u00e9k \u00e1t az \u00e1llom\u00e1nyok a hideg h\u00f3napokat, \u00e9s milyen termel\u00e9si kil\u00e1t\u00e1sokkal indul az \u00faj veget\u00e1ci\u00f3s id\u0151szak. A talaj felmeleged\u00e9s\u00e9vel \u00e9s a nappalok hosszabbod\u00e1s\u00e1val a n\u00f6v\u00e9nyek \u00e9lettani folyamatai is felgyorsulnak: az \u00e1llom\u00e1ny \u201emegindul\u201d, a veget\u00e1ci\u00f3 magasabb fokozatra kapcsol. Ebben az id\u0151szakban nemcsak agron\u00f3miai, hanem gazdas\u00e1gi szempontb\u00f3l is fontos d\u00f6nt\u00e9sek sz\u00fcletnek.<\/p>\n\n\n\n<p>A tavaszi \u00e1llapotfelm\u00e9r\u00e9s els\u0151 l\u00e9p\u00e9se az \u00e1llom\u00e1nyok r\u00e9szletes inventariz\u00e1ci\u00f3ja. A gazd\u00e1lkod\u00f3k ilyenkor m\u00e9rik fel a telel\u00e9si vesztes\u00e9geket, az \u00e1llom\u00e1nys\u0171r\u0171s\u00e9get, a n\u00f6v\u00e9nyek fejletts\u00e9gi \u00e1llapot\u00e1t, valamint a talaj nedvess\u00e9gi \u00e9s t\u00e1panyagell\u00e1totts\u00e1gi viszonyait. A b\u00faza, az \u00e1rpa \u00e9s a repce eset\u00e9ben k\u00fcl\u00f6n\u00f6sen fontos annak meg\u00e1llap\u00edt\u00e1sa, hogy a n\u00f6v\u00e9nyek milyen kond\u00edci\u00f3ban l\u00e9ptek ki a t\u00e9lb\u0151l, mennyire er\u0151s a gy\u00f6k\u00e9rzet, illetve milyen a bokrosod\u00e1s vagy az oldalhajt\u00e1sok fejletts\u00e9ge. Ezek az inform\u00e1ci\u00f3k alapvet\u0151en meghat\u00e1rozz\u00e1k a tov\u00e1bbi t\u00e1panyag-ut\u00e1np\u00f3tl\u00e1si \u00e9s n\u00f6v\u00e9nyv\u00e9delmi strat\u00e9gi\u00e1t.<\/p>\n\n\n\n<p>A veget\u00e1ci\u00f3 megindul\u00e1s\u00e1val p\u00e1rhuzamosan a n\u00f6v\u00e9nyek t\u00e1panyagig\u00e9nye is jelent\u0151sen n\u00f6vekszik. A gazd\u00e1lkod\u00f3knak ilyenkor kell meghozniuk az egyik legfontosabb d\u00f6nt\u00e9st: milyen m\u00e9rt\u00e9k\u0171 \u00e9s milyen form\u00e1j\u00fa t\u00e1panyag-ut\u00e1np\u00f3tl\u00e1st alkalmazzanak az \u00e1llom\u00e1ny tov\u00e1bbi fejl\u0151d\u00e9s\u00e9nek t\u00e1mogat\u00e1s\u00e1ra. A t\u00falzott visszafogotts\u00e1g term\u00e9skies\u00e9st eredm\u00e9nyezhet, m\u00edg a t\u00falzott r\u00e1ford\u00edt\u00e1s gazdas\u00e1gilag v\u00e1lhat kock\u00e1zatoss\u00e1, k\u00fcl\u00f6n\u00f6sen a jelenlegi bizonytalan piaci k\u00f6rnyezetben. A d\u00f6nt\u00e9s ez\u00e9rt egyre ink\u00e1bb az \u00e1llom\u00e1ny val\u00f3s \u00e1llapot\u00e1ra, a talajvizsg\u00e1latok eredm\u00e9nyeire \u00e9s a gazdas\u00e1g termel\u00e9si potenci\u00e1lj\u00e1ra \u00e9p\u00fcl.<\/p>\n\n\n\n<p>A tavaszi id\u0151szak azonban nemcsak a n\u00f6v\u00e9ny\u00e9lettani folyamatok felgyorsul\u00e1s\u00e1r\u00f3l sz\u00f3l, hanem a piaci strat\u00e9gi\u00e1k kialak\u00edt\u00e1s\u00e1r\u00f3l is. Amikor m\u00e1r l\u00e1that\u00f3 az \u00e1llom\u00e1ny \u00e1llapota \u00e9s a term\u00e9skil\u00e1t\u00e1sok alapvet\u0151 ir\u00e1nya, sok gazd\u00e1lkod\u00f3 ilyenkor kezdi m\u00e9rlegelni a term\u00e9nyszerz\u0151d\u00e9sek megk\u00f6t\u00e9s\u00e9nek lehet\u0151s\u00e9g\u00e9t. B\u00e1r ez nem k\u00f6telez\u0151 gyakorlat, a kock\u00e1zatkezel\u00e9s szempontj\u00e1b\u00f3l egyre t\u00f6bb szakember aj\u00e1nlja, hogy a tervezett term\u00e9s egy r\u00e9sz\u00e9re \u2013 gyakran k\u00f6r\u00fclbel\u00fcl egyharmad\u00e1ra \u2013 m\u00e1r ebben az id\u0151szakban biztons\u00e1gi szerz\u0151d\u00e9s sz\u00fclessen.<\/p>\n\n\n\n<p>Ez a strat\u00e9gia lehet\u0151s\u00e9get ad arra, hogy a gazda egy r\u00e9sz\u00e9t m\u00e1r el\u0151re biztos \u00e1ron \u00e9rt\u00e9kes\u00edtse a v\u00e1rhat\u00f3 term\u00e9snek, mik\u00f6zben a fennmarad\u00f3 mennyis\u00e9get k\u00e9s\u0151bb, az \u00e1llom\u00e1ny fejl\u0151d\u00e9s\u00e9nek \u00e9s a piaci helyzet alakul\u00e1s\u00e1nak f\u00fcggv\u00e9ny\u00e9ben k\u00f6theti le. Amennyiben az id\u0151j\u00e1r\u00e1s \u00e9s az agron\u00f3miai k\u00f6r\u00fclm\u00e9nyek kedvez\u0151en alakulnak, a tov\u00e1bbi szerz\u0151d\u00e9sek m\u00e1r a t\u00e9nylegesen v\u00e1rhat\u00f3 hozamokhoz igaz\u00edthat\u00f3k. Ilyenkor gyakran a r\u00e9gi\u00f3ban megszokott \u00e1tlagterm\u00e9sek szolg\u00e1lnak kiindul\u00e1si alapk\u00e9nt, amelyek seg\u00edtenek re\u00e1lis k\u00e9pet alkotni a potenci\u00e1lis k\u00edn\u00e1latr\u00f3l.<\/p>\n\n\n\n<p>A piaci \u00e1rak alakul\u00e1sa szint\u00e9n fontos t\u00e9nyez\u0151 a d\u00f6nt\u00e9sek meghozatalakor. A term\u00e9nypiacokat sz\u00e1mos hat\u00e1s befoly\u00e1solja: a glob\u00e1lis termel\u00e9si kil\u00e1t\u00e1sok, a k\u00e9szletszintek, az exportpiacok helyzete, a deviza\u00e1rfolyamok, valamint a geopolitikai esem\u00e9nyek egyar\u00e1nt k\u00e9pesek jelent\u0151s \u00e1rmozg\u00e1sokat okozni. Ezek a t\u00e9nyez\u0151k pozit\u00edv \u00e9s negat\u00edv ir\u00e1nyban egyar\u00e1nt m\u00f3dos\u00edthatj\u00e1k az \u00e1rakat, ez\u00e9rt a gazd\u00e1lkod\u00f3k sz\u00e1m\u00e1ra k\u00fcl\u00f6n\u00f6sen fontos a piaci inform\u00e1ci\u00f3k folyamatos figyelemmel k\u00eds\u00e9r\u00e9se.<\/p>\n\n\n\n<p>\u00c1ltal\u00e1nos tapasztalat ugyanakkor, hogy az \u00e9v eleji, kora tavaszi id\u0151szakban gyakran viszonylag kedvez\u0151 \u00e1rak alakulnak ki a term\u00e9nypiacokon. Ennek egyik oka, hogy a kor\u00e1bbi betakar\u00edt\u00e1sb\u00f3l sz\u00e1rmaz\u00f3 k\u00e9szletek ekkorra m\u00e1r jelent\u0151sen cs\u00f6kkennek a rakt\u00e1rakban, mik\u00f6zben az \u00faj term\u00e9s m\u00e9g csak a sz\u00e1nt\u00f3f\u00f6ldeken fejl\u0151dik. A betakar\u00edt\u00e1s pedig m\u00e9g t\u00f6bb h\u00f3napra van, a piacok \u00edgy gyakran bizonytalanabb k\u00edn\u00e1lati helyzetben m\u0171k\u00f6dnek, ami id\u0151szakosan magasabb \u00e1rakat eredm\u00e9nyezhet.<\/p>\n\n\n\n<p>Mindez azonban nem jelenti azt, hogy a tavaszi szerz\u0151d\u00e9sk\u00f6t\u00e9s minden esetben a legjobb d\u00f6nt\u00e9s. A piaci k\u00f6rnyezet gyorsan v\u00e1ltozhat, \u00e9s az \u00e1rak alakul\u00e1s\u00e1t gyakran olyan t\u00e9nyez\u0151k hat\u00e1rozz\u00e1k meg, amelyekre a gazd\u00e1lkod\u00f3k k\u00f6zvetlen\u00fcl nem tudnak hatni. \u00c9ppen ez\u00e9rt a fokozatos \u00e9rt\u00e9kes\u00edt\u00e9si strat\u00e9gia \u2013 amikor a term\u00e9s t\u00f6bb r\u00e9szletben ker\u00fcl lek\u00f6t\u00e9sre \u2013 sok esetben stabilabb \u00e9s kisz\u00e1m\u00edthat\u00f3bb bev\u00e9telt biztos\u00edthat.<\/p>\n\n\n\n<p>A tavaszi id\u0151szak teh\u00e1t egyszerre jelenti az \u00e1llom\u00e1nyok agron\u00f3miai \u00e9rt\u00e9kel\u00e9s\u00e9nek \u00e9s a gazdas\u00e1gi strat\u00e9gia \u00fajragondol\u00e1s\u00e1nak idej\u00e9t. A n\u00f6v\u00e9nyek fejl\u0151d\u00e9s\u00e9nek felm\u00e9r\u00e9se, a t\u00e1panyag-ut\u00e1np\u00f3tl\u00e1s megfelel\u0151 id\u0151z\u00edt\u00e9se \u00e9s a piaci lehet\u0151s\u00e9gek tudatos m\u00e9rlegel\u00e9se mind hozz\u00e1j\u00e1rulhat ahhoz, hogy a gazdas\u00e1gok stabilabb alapokra \u00e9p\u00edts\u00e9k a szezon tov\u00e1bbi r\u00e9sz\u00e9t.<\/p>\n\n\n\n<p>A sz\u00e1nt\u00f3f\u00f6ldi n\u00f6v\u00e9nytermeszt\u00e9sben a siker egyre kev\u00e9sb\u00e9 m\u00falik egyetlen t\u00e9nyez\u0151n. A hozam, a k\u00f6lts\u00e9gek \u00e9s a piaci \u00e1rak egy\u00fcttesen hat\u00e1rozz\u00e1k meg a gazdas\u00e1gi eredm\u00e9nyt. A tavaszi helyzetfelm\u00e9r\u00e9s ez\u00e9rt nem csup\u00e1n agron\u00f3miai rutin, hanem egy olyan strat\u00e9giai pillanat is, amikor a gazd\u00e1lkod\u00f3k meghat\u00e1rozz\u00e1k az eg\u00e9sz szezon gazdas\u00e1gi ir\u00e1ny\u00e1t. Azok a gazdas\u00e1gok, amelyek ilyenkor tudatosan elemzik az \u00e1llom\u00e1ny \u00e1llapot\u00e1t, \u00e9s a piaci lehet\u0151s\u00e9geket is figyelembe veszik, nagyobb es\u00e9llyel tudj\u00e1k stabiliz\u00e1lni j\u00f6vedelmez\u0151s\u00e9g\u00fcket a kisz\u00e1m\u00edthatatlan term\u00e9nypiaci k\u00f6rnyezetben.<\/p>\n\n\n\n<p><strong><em>Ing. Pecs\u00e9rke Andreas<\/em><\/strong><em>\u00a0<\/em>&#8211; <em>F\u0151 Falugazd\u00e1sz <\/em><br><em>Kelt: Szalatnya, 2026.03.06.<\/em><\/p>\n","protected":false},"excerpt":{"rendered":"<p>A sz\u00e1nt\u00f3f\u00f6ldi n\u00f6v\u00e9nytermeszt\u00e9sben a tavasz kezdete minden \u00e9vben kulcsfontoss\u00e1g\u00fa id\u0151szak. A t\u00e9l v\u00e9g\u00e9t k\u00f6vet\u0151en a gazd\u00e1lkod\u00f3k sz\u00e1m\u00e1ra ekkor v\u00e1lik igaz\u00e1n l\u00e1that\u00f3v\u00e1, milyen \u00e1llapotban v\u00e9szelt\u00e9k \u00e1t az \u00e1llom\u00e1nyok a hideg h\u00f3napokat, [&hellip;]<\/p>\n","protected":false},"author":2,"featured_media":1600,"comment_status":"closed","ping_status":"closed","sticky":false,"template":"","format":"standard","meta":{"_acf_changed":false,"pmpro_default_level":"","inline_featured_image":false,"footnotes":""},"categories":[100],"tags":[],"class_list":["post-1599","post","type-post","status-publish","format-standard","has-post-thumbnail","hentry","category-hirek","pmpro-has-access"],"acf":[],"_links":{"self":[{"href":"https:\/\/falugazdasz.sk\/hu\/wp-json\/wp\/v2\/posts\/1599","targetHints":{"allow":["GET"]}}],"collection":[{"href":"https:\/\/falugazdasz.sk\/hu\/wp-json\/wp\/v2\/posts"}],"about":[{"href":"https:\/\/falugazdasz.sk\/hu\/wp-json\/wp\/v2\/types\/post"}],"author":[{"embeddable":true,"href":"https:\/\/falugazdasz.sk\/hu\/wp-json\/wp\/v2\/users\/2"}],"replies":[{"embeddable":true,"href":"https:\/\/falugazdasz.sk\/hu\/wp-json\/wp\/v2\/comments?post=1599"}],"version-history":[{"count":1,"href":"https:\/\/falugazdasz.sk\/hu\/wp-json\/wp\/v2\/posts\/1599\/revisions"}],"predecessor-version":[{"id":1616,"href":"https:\/\/falugazdasz.sk\/hu\/wp-json\/wp\/v2\/posts\/1599\/revisions\/1616"}],"wp:featuredmedia":[{"embeddable":true,"href":"https:\/\/falugazdasz.sk\/hu\/wp-json\/wp\/v2\/media\/1600"}],"wp:attachment":[{"href":"https:\/\/falugazdasz.sk\/hu\/wp-json\/wp\/v2\/media?parent=1599"}],"wp:term":[{"taxonomy":"category","embeddable":true,"href":"https:\/\/falugazdasz.sk\/hu\/wp-json\/wp\/v2\/categories?post=1599"},{"taxonomy":"post_tag","embeddable":true,"href":"https:\/\/falugazdasz.sk\/hu\/wp-json\/wp\/v2\/tags?post=1599"}],"curies":[{"name":"wp","href":"https:\/\/api.w.org\/{rel}","templated":true}]}}