{"id":1624,"date":"2026-03-17T18:39:47","date_gmt":"2026-03-17T17:39:47","guid":{"rendered":"https:\/\/falugazdasz.sk\/?p=1624"},"modified":"2026-03-17T18:55:03","modified_gmt":"2026-03-17T17:55:03","slug":"eles-ollok-jokedv-es-metszo-tudomany","status":"publish","type":"post","link":"https:\/\/falugazdasz.sk\/hu\/eles-ollok-jokedv-es-metszo-tudomany\/","title":{"rendered":"\u00c9les oll\u00f3k, j\u00f3kedv \u00e9s metsz\u0151 tudom\u00e1ny"},"content":{"rendered":"\n<p>Sikeresen lezajlott a bodrogk\u00f6zi gazdanap Ladm\u00f3con.<\/p>\n\n\n\n<p>Amikor m\u00e1rcius k\u00f6zep\u00e9n a nap els\u0151 sugarai megcsillannak a Bodrogk\u00f6z lank\u00e1in, a rutinos gazda tudja: itt az id\u0151, hogy a gy\u00fcm\u00f6lcsf\u00e1k megkapj\u00e1k a nekik j\u00e1r\u00f3 \u201etavaszi frizur\u00e1t\u201d. Id\u00e9n m\u00e1rcius 14-\u00e9n, szombaton nemcsak a mad\u00e1rcsicserg\u00e9st\u0151l volt hangos a ladm\u00f3ci <strong>Szab\u00f3 farm<\/strong>, hanem a metsz\u0151oll\u00f3k csattog\u00e1s\u00e1t\u00f3l is.<\/p>\n\n\n\n<p>A <strong>Gazda Polg\u00e1ri T\u00e1rsul\u00e1s<\/strong> szervez\u00e9s\u00e9ben megval\u00f3sult gyakorl\u00f3 napon tizen\u00f6t lelkes jelentkez\u0151 gy\u0171lt \u00f6ssze, hogy Varga P\u00e9ter kert\u00e9szm\u00e9rn\u00f6kt\u0151l \u00e9s Szab\u00f3 Tam\u00e1s agr\u00e1rm\u00e9rn\u00f6k -falugazd\u00e1szt\u00f3l a farm h\u00e1zigazd\u00e1j\u00e1t\u00f3l elless\u00e9k a szakszer\u0171 metsz\u00e9s titkait.<\/p>\n\n\n\n<p><em>Elm\u00e9lett\u0151l a gyakorlatig<\/em><\/p>\n\n\n\n<p>A nap kor\u00e1n indult, de a hangulat hamar felforr\u00f3sodott. A r\u00e9sztvev\u0151k el\u0151sz\u00f6r az alapokkal ismerkedtek meg: kider\u00fclt, hogy a metsz\u0151oll\u00f3 nem csak egy szersz\u00e1m, hanem a kert\u00e9sz legjobb bar\u00e1tja, ha megfelel\u0151en haszn\u00e1lj\u00e1k. A lektorok t\u00fcrelmesen mutatt\u00e1k be, hogyan ismerhetj\u00fck fel a term\u0151r\u00e9szeket, \u00e9s mi a k\u00fcl\u00f6nbs\u00e9g az alm\u00e1sterm\u00e9s\u0171ek \u00e9s a csonth\u00e9jasok \u201eig\u00e9nyei\u201d k\u00f6z\u00f6tt.<\/p>\n\n\n\n<p><em>\u201eA metsz\u00e9s nem csak v\u00e1g\u00e1s, hanem p\u00e1rbesz\u00e9d a f\u00e1val\u201d<\/em> \u2013 hangzott el a tanfolyamon, \u00e9s a r\u00e9sztvev\u0151k hamar r\u00e1\u00e9reztek a ritmusra. A kezdeti bizonytalan mozdulatokat gyorsan felv\u00e1ltotta a magabiztos munka, ahogy a f\u00e1k koron\u00e1i \u00e1tl\u00e1that\u00f3bb\u00e1 \u00e9s eg\u00e9szs\u00e9gesebb\u00e9 v\u00e1ltak a gyakorlottabb kezek alatt.<\/p>\n\n\n\n<p><em>Nemcsak tud\u00e1s, k\u00f6z\u00f6ss\u00e9g is<\/em><\/p>\n\n\n\n<p>A tanul\u00e1s mellett a j\u00f3kedv sem hi\u00e1nyzott. A szervez\u0151k gondoskodtak arr\u00f3l, hogy senki ne maradjon \u00e9hes: a friss\u00edt\u0151 mell\u00e9 felszolg\u00e1lt meleg eb\u00e9d nemcsak a testet, de a lelket is felmeleg\u00edtette. A k\u00f6z\u00f6s \u00e9tkez\u00e9s remek alkalmat adott a tapasztalatcser\u00e9re \u00e9s a helyi gazd\u00e1k k\u00f6z\u00f6tti bar\u00e1ts\u00e1gok elm\u00e9ly\u00edt\u00e9s\u00e9re.<\/p>\n\n\n\n<p>A tanfolyam v\u00e9g\u00e9re a tizen\u00f6t r\u00e9sztvev\u0151 nemcsak elf\u00e1radva, de rengeteg \u00faj tud\u00e1ssal \u00e9s magabiztoss\u00e1ggal t\u00e9rhetett haza. Most m\u00e1r nem k\u00e9rd\u00e9s, hol kell megv\u00e1gni az \u00e1gat, hogy j\u00f6v\u0151re roskadozzanak a f\u00e1k a zamatos bodrogk\u00f6zi gy\u00fcm\u00f6lcst\u0151l!<\/p>\n\n\n\n<p>A rendezv\u00e9ny a <strong>Bethlen G\u00e1bor Alap<\/strong> \u00e9s a <strong>Magyar Korm\u00e1ny<\/strong> t\u00e1mogat\u00e1s\u00e1val val\u00f3sult meg, bebizony\u00edtva, hogy a hagyom\u00e1nyos gazd\u00e1lkod\u00e1si ismeretek \u00e1tad\u00e1sa \u00e9s a k\u00f6z\u00f6ss\u00e9g\u00e9p\u00edt\u00e9s k\u00e9z a k\u00e9zben j\u00e1r.<\/p>\n\n\n\n<p><strong>Ing. Szab\u00f3 Tam\u00e1s<\/strong><br>falugazd\u00e1sz<\/p>\n\n\n<div class=\"rl-gallery-container rl-loading\" id=\"rl-gallery-container-1\" data-gallery_id=\"1634\"> <div class=\"rl-gallery rl-basicgrid-gallery \" id=\"rl-gallery-1\" data-gallery_no=\"1\"> <div class=\"rl-gallery-item\"><a href=\"https:\/\/falugazdasz.sk\/wp-content\/uploads\/2026\/03\/Kep2.jpg\" title=\"\" data-rl_title=\"\" class=\"rl-gallery-link\" data-rl_caption=\"\" data-rel=\"lightbox-gallery-1\"><img loading=\"lazy\" decoding=\"async\" src=\"https:\/\/falugazdasz.sk\/wp-content\/uploads\/2026\/03\/Kep2-300x225.jpg\" width=\"300\" height=\"225\" alt=\"\"\/><\/a><\/div><div class=\"rl-gallery-item\"><a href=\"https:\/\/falugazdasz.sk\/wp-content\/uploads\/2026\/03\/Kep1.jpg\" title=\"\" data-rl_title=\"\" class=\"rl-gallery-link\" data-rl_caption=\"\" data-rel=\"lightbox-gallery-1\"><img loading=\"lazy\" decoding=\"async\" src=\"https:\/\/falugazdasz.sk\/wp-content\/uploads\/2026\/03\/Kep1-300x225.jpg\" width=\"300\" height=\"225\" alt=\"\"\/><\/a><\/div><div class=\"rl-gallery-item\"><a href=\"https:\/\/falugazdasz.sk\/wp-content\/uploads\/2026\/03\/Kep4.jpg\" title=\"\" data-rl_title=\"\" class=\"rl-gallery-link\" data-rl_caption=\"\" data-rel=\"lightbox-gallery-1\"><img loading=\"lazy\" decoding=\"async\" src=\"https:\/\/falugazdasz.sk\/wp-content\/uploads\/2026\/03\/Kep4-300x225.jpg\" width=\"300\" height=\"225\" alt=\"\"\/><\/a><\/div> <\/div> <\/div>\n","protected":false},"excerpt":{"rendered":"<p>Sikeresen lezajlott a bodrogk\u00f6zi gazdanap Ladm\u00f3con. Amikor m\u00e1rcius k\u00f6zep\u00e9n a nap els\u0151 sugarai megcsillannak a Bodrogk\u00f6z lank\u00e1in, a rutinos gazda tudja: itt az id\u0151, hogy a gy\u00fcm\u00f6lcsf\u00e1k megkapj\u00e1k a nekik [&hellip;]<\/p>\n","protected":false},"author":2,"featured_media":1629,"comment_status":"closed","ping_status":"closed","sticky":false,"template":"","format":"standard","meta":{"_acf_changed":false,"pmpro_default_level":"","inline_featured_image":false,"footnotes":""},"categories":[100],"tags":[],"class_list":["post-1624","post","type-post","status-publish","format-standard","has-post-thumbnail","hentry","category-hirek","pmpro-has-access"],"acf":[],"_links":{"self":[{"href":"https:\/\/falugazdasz.sk\/hu\/wp-json\/wp\/v2\/posts\/1624","targetHints":{"allow":["GET"]}}],"collection":[{"href":"https:\/\/falugazdasz.sk\/hu\/wp-json\/wp\/v2\/posts"}],"about":[{"href":"https:\/\/falugazdasz.sk\/hu\/wp-json\/wp\/v2\/types\/post"}],"author":[{"embeddable":true,"href":"https:\/\/falugazdasz.sk\/hu\/wp-json\/wp\/v2\/users\/2"}],"replies":[{"embeddable":true,"href":"https:\/\/falugazdasz.sk\/hu\/wp-json\/wp\/v2\/comments?post=1624"}],"version-history":[{"count":4,"href":"https:\/\/falugazdasz.sk\/hu\/wp-json\/wp\/v2\/posts\/1624\/revisions"}],"predecessor-version":[{"id":1646,"href":"https:\/\/falugazdasz.sk\/hu\/wp-json\/wp\/v2\/posts\/1624\/revisions\/1646"}],"wp:featuredmedia":[{"embeddable":true,"href":"https:\/\/falugazdasz.sk\/hu\/wp-json\/wp\/v2\/media\/1629"}],"wp:attachment":[{"href":"https:\/\/falugazdasz.sk\/hu\/wp-json\/wp\/v2\/media?parent=1624"}],"wp:term":[{"taxonomy":"category","embeddable":true,"href":"https:\/\/falugazdasz.sk\/hu\/wp-json\/wp\/v2\/categories?post=1624"},{"taxonomy":"post_tag","embeddable":true,"href":"https:\/\/falugazdasz.sk\/hu\/wp-json\/wp\/v2\/tags?post=1624"}],"curies":[{"name":"wp","href":"https:\/\/api.w.org\/{rel}","templated":true}]}}