{"id":1656,"date":"2026-03-27T09:57:23","date_gmt":"2026-03-27T08:57:23","guid":{"rendered":"https:\/\/falugazdasz.sk\/?p=1656"},"modified":"2026-03-27T12:37:07","modified_gmt":"2026-03-27T11:37:07","slug":"fitoplazma-a-2026-os-ev-elejenek-legfontosabb-teendoi","status":"publish","type":"post","link":"https:\/\/falugazdasz.sk\/hu\/fitoplazma-a-2026-os-ev-elejenek-legfontosabb-teendoi\/","title":{"rendered":"Fitoplazma, a 2026-os \u00e9v elej\u00e9nek legfontosabb teend\u0151i"},"content":{"rendered":"\n<p>Az elm\u00falt id\u0151szakban egyre gyakrabban ker\u00fcl sz\u00f3ba a sz\u0151l\u0151 egyik legs\u00falyosabb betegs\u00e9ge, a sz\u0151l\u0151 aranysz\u00edn\u0171 s\u00e1rgas\u00e1ga (fitoplazma). A probl\u00e9ma ma m\u00e1r nem csup\u00e1n egy-egy borvid\u00e9k gondja, hanem egyre ink\u00e1bb orsz\u00e1gos jelent\u0151s\u00e9g\u0171 n\u00f6v\u00e9nyeg\u00e9szs\u00e9g\u00fcgyi k\u00e9rd\u00e9ss\u00e9 v\u00e1lik. A K\u00f6zponti Mez\u0151gazdas\u00e1gi Ellen\u0151rz\u0151 \u00e9s Vizsg\u00e1l\u00f3 Int\u00e9zet (\u00daKS\u00daP) adatai szerint Szlov\u00e1ki\u00e1ban jelenleg m\u00e1r kilenc j\u00e1r\u00e1sban van \u00e9rv\u00e9nyben karant\u00e9nint\u00e9zked\u00e9s a betegs\u00e9g miatt. A l\u00e1thatatlan k\u00f3r terjeszt\u0151je, az amerikai kab\u00f3ca felszaporod\u00e1sa csak \u00f6sszehangolt fell\u00e9p\u00e9ssel lass\u00edthat\u00f3, ez\u00e9rt kulcsfontoss\u00e1g\u00fa a sz\u0151l\u0151sgazd\u00e1k, a telep\u00fcl\u00e9sek vezet\u0151i \u00e9s a szakmai szervezetek egy\u00fcttm\u0171k\u00f6d\u00e9se.<\/p>\n\n\n\n<p>A betegs\u00e9g az\u00e9rt k\u00fcl\u00f6n\u00f6sen vesz\u00e9lyes, mert nem gy\u00f3gy\u00edthat\u00f3. A k\u00f3rokoz\u00f3 egy fitoplazma, amely a n\u00f6v\u00e9ny h\u00e1ncssz\u00f6vet\u00e9ben \u00e9l \u00e9s szaporodik, ez\u00e9rt a hagyom\u00e1nyos n\u00f6v\u00e9nyv\u00e9d\u0151 szerek k\u00f6zvetlen\u00fcl nem k\u00e9pesek elpuszt\u00edtani. Emiatt a v\u00e9dekez\u00e9s alapja a fert\u0151z\u00e9s forr\u00e1s\u00e1nak (amerikai kab\u00f3ca popul\u00e1ci\u00f3) gy\u00e9r\u00edt\u00e9se \u00e9s a terjed\u00e9s megakad\u00e1lyoz\u00e1sa.<\/p>\n\n\n\n<p><strong><em>A betegs\u00e9g jelent\u0151s\u00e9ge<\/em><\/strong><br>A sz\u0151l\u0151 aranysz\u00edn\u0171 s\u00e1rgas\u00e1ga az Eur\u00f3pai Uni\u00f3ban karant\u00e9n k\u00e1ros\u00edt\u00f3. A fert\u0151z\u00e9s az emberre nem vesz\u00e9lyes, \u00e9s a bork\u00e9sz\u00edt\u00e9s sor\u00e1n a borba sem ker\u00fcl be. A probl\u00e9ma els\u0151sorban termeszt\u00e9si \u00e9s gazdas\u00e1gi jelleg\u0171: a fert\u0151z\u00f6tt t\u0151k\u00e9k fokozatosan leromlanak, term\u00e9s\u00fck cs\u00f6kken, majd n\u00e9h\u00e1ny \u00e9v alatt elpusztulhatnak.<br>A betegs\u00e9g jelenl\u00e9te egy \u00fcltetv\u00e9nyben hosszabb t\u00e1von az eg\u00e9sz k\u00f6rny\u00e9k sz\u0151l\u0151termeszt\u00e9s\u00e9t vesz\u00e9lyeztetheti.<\/p>\n\n\n\n<p><strong><em>Hogyan terjed a fert\u0151z\u00e9s<\/em><\/strong><br>A fitoplazma k\u00e9t f\u0151 m\u00f3don terjedhet:<\/p>\n\n\n\n<ul class=\"wp-block-list\">\n<li>fert\u0151z\u00f6tt szapor\u00edt\u00f3anyaggal,<\/li>\n\n\n\n<li>fert\u0151z\u00f6tt t\u0151k\u00e9r\u0151l eg\u00e9szs\u00e9ges t\u0151k\u00e9re a kab\u00f3ca t\u00e1pl\u00e1lkoz\u00e1sa sor\u00e1n.<\/li>\n<\/ul>\n\n\n\n<figure class=\"wp-block-image size-full is-resized\"><img loading=\"lazy\" decoding=\"async\" width=\"1260\" height=\"944\" src=\"https:\/\/falugazdasz.sk\/wp-content\/uploads\/2026\/03\/Kep1-2-1.jpg\" alt=\"\" class=\"wp-image-1716\" style=\"aspect-ratio:1.3348175054191809;width:388px;height:auto\" srcset=\"https:\/\/falugazdasz.sk\/wp-content\/uploads\/2026\/03\/Kep1-2-1.jpg 1260w, https:\/\/falugazdasz.sk\/wp-content\/uploads\/2026\/03\/Kep1-2-1-300x225.jpg 300w, https:\/\/falugazdasz.sk\/wp-content\/uploads\/2026\/03\/Kep1-2-1-1024x767.jpg 1024w, https:\/\/falugazdasz.sk\/wp-content\/uploads\/2026\/03\/Kep1-2-1-768x575.jpg 768w\" sizes=\"auto, (max-width: 1260px) 100vw, 1260px\" \/><\/figure>\n\n\n\n<p><strong><em>A t\u00fcnetek felismer\u00e9se<\/em><\/strong><br>A betegs\u00e9g korai felismer\u00e9se nem mindig egyszer\u0171, mivel a t\u00fcnetek gyakran \u00f6sszet\u00e9veszthet\u0151k m\u00e1s stresszhat\u00e1sokkal vagy t\u00e1panyaghi\u00e1nnyal.<br>A leggyakoribb t\u00fcnetek k\u00f6z\u00e9 tartozik:<\/p>\n\n\n\n<ul class=\"wp-block-list\">\n<li>a levelek s\u00e1rgul\u00e1sa vagy v\u00f6r\u00f6s\u00f6d\u00e9se,<\/li>\n\n\n\n<li>a levelek fon\u00e1k ir\u00e1ny\u00e1ba t\u00f6rt\u00e9n\u0151 bep\u00f6nd\u00f6r\u00f6d\u00e9se,<\/li>\n\n\n\n<li>a hajt\u00e1sok el\u00e9gtelen be\u00e9r\u00e9se,<\/li>\n\n\n\n<li>a f\u00fcrt\u00f6k fejl\u0151d\u00e9s\u00e9nek visszamarad\u00e1sa.<\/li>\n<\/ul>\n\n\n\n<figure class=\"wp-block-image size-full\"><img decoding=\"async\" src=\"https:\/\/falugazdasz.sk\/wp-content\/uploads\/2026\/03\/Kep2-1.jpg\" alt=\"\" class=\"wp-image-1659\"\/><\/figure>\n\n\n\n<p>Sok termel\u0151 a 2025-\u00f6s \u00e9vben a levelek s\u00e1rgul\u00e1s\u00e1t a sz\u00e1raz id\u0151j\u00e1r\u00e1snak tulajdon\u00edtotta. Gyakran csak akkor mer\u00fclt fel a fitoplazma gyan\u00faja, amikor a levelek lefel\u00e9 fordul\u00e1sa \u00e9s a nem be\u00e9rett vessz\u0151k is megjelentek. A betegs\u00e9g jelenl\u00e9te azonban kiz\u00e1r\u00f3lag laborat\u00f3riumi vizsg\u00e1lattal igazolhat\u00f3.<\/p>\n\n\n\n<p><strong><em>A t\u00e9l hat\u00e1sa a kab\u00f3ca\u00e1llom\u00e1nyra<\/em><\/strong><br>Az idei t\u00e9l t\u00f6bb id\u0151szakban is tart\u00f3s fagyokat hozott, ami sok termel\u0151ben felvetette a k\u00e9rd\u00e9st, hogy ez mennyiben cs\u00f6kkentheti az amerikai sz\u0151l\u0151kab\u00f3ca \u00e1llom\u00e1ny\u00e1t. A szakmai tapasztalatok szerint azonban a hideg telek hat\u00e1sa \u00e1ltal\u00e1ban korl\u00e1tozott, mivel a k\u00e1rtev\u0151 toj\u00e1s alakban telel \u00e1t a sz\u0151l\u0151 2-3 \u00e9ves vessz\u0151iben, ahol viszonylag j\u00f3l v\u00e9dett a k\u00f6rnyezeti hat\u00e1sokt\u00f3l. A tart\u00f3s fagyok ugyan okozhatnak bizonyos m\u00e9rt\u00e9k\u0171 term\u00e9szetes pusztul\u00e1st, de \u00f6nmagukban nem k\u00e9pesek jelent\u0151sen visszaszor\u00edtani a popul\u00e1ci\u00f3t, ez\u00e9rt a kab\u00f3ca elleni megfigyel\u00e9s \u00e9s a veget\u00e1ci\u00f3s id\u0151szakban v\u00e9gzett v\u00e9dekez\u00e9s tov\u00e1bbra is elengedhetetlen.<\/p>\n\n\n\n<figure class=\"wp-block-image size-full\"><img decoding=\"async\" src=\"https:\/\/falugazdasz.sk\/wp-content\/uploads\/2026\/03\/Kep3.png\" alt=\"\" class=\"wp-image-1667\"\/><\/figure>\n\n\n\n<p><strong><em>A fert\u0151z\u00f6tt t\u0151k\u00e9k felsz\u00e1mol\u00e1sa<\/em><\/strong><br>A v\u00e9dekez\u00e9s egyik legfontosabb eleme a fert\u0151z\u00f6tt t\u0151k\u00e9k miel\u0151bbi elt\u00e1vol\u00edt\u00e1sa. A fert\u0151z\u00f6tt n\u00f6v\u00e9nyek folyamatos fert\u0151z\u00e9si forr\u00e1st jelentenek a k\u00f6rnyez\u0151 \u00fcltetv\u00e9nyek sz\u00e1m\u00e1ra.<\/p>\n\n\n\n<p>A gyakorlatban ez azt jelenti, hogy a fert\u0151z\u00f6tt t\u0151k\u00e9ket t\u00f6vest\u0151l ki kell v\u00e1gni, majd a lehet\u0151 legr\u00f6videbb id\u0151n bel\u00fcl meg kell semmis\u00edteni, leggyakrabban el\u00e9get\u00e9ssel. Amennyiben ez nem t\u00f6rt\u00e9nik meg id\u0151ben, a fert\u0151z\u00e9s k\u00f6nnyen tov\u00e1bb terjedhet a k\u00f6rnyez\u0151 \u00fcltetv\u00e9nyekre.<\/p>\n\n\n\n<figure class=\"wp-block-image size-full is-resized\"><img decoding=\"async\" src=\"https:\/\/falugazdasz.sk\/wp-content\/uploads\/2026\/03\/image.jpeg\" alt=\"\" class=\"wp-image-1661\" style=\"width:578px;height:auto\"\/><\/figure>\n\n\n\n<p><strong><em>Metsz\u00e9s \u00e9s nyesed\u00e9kkezel\u00e9s \u2013 az els\u0151 n\u00f6v\u00e9nyv\u00e9delmi l\u00e9p\u00e9s<\/em><\/strong><br>Fontos tiszt\u00e1zand\u00f3 dolog, hogy a betegs\u00e9g metsz\u0151oll\u00f3val, vagy m\u00e1s eszk\u00f6zzel nem terjeszthet\u0151!<br>Kisebb \u00fcltetv\u00e9nyekben k\u00fcl\u00f6n\u00f6sen aj\u00e1nlott:<\/p>\n\n\n\n<ul class=\"wp-block-list\">\n<li>a metsz\u00e9si nyesed\u00e9k kihord\u00e1sa az \u00fcltetv\u00e9nyb\u0151l,<\/li>\n\n\n\n<li>annak miel\u0151bbi megsemmis\u00edt\u00e9se.<\/li>\n<\/ul>\n\n\n\n<figure class=\"wp-block-image size-full is-resized\"><img decoding=\"async\" src=\"https:\/\/falugazdasz.sk\/wp-content\/uploads\/2026\/03\/Kep4-1.jpg\" alt=\"\" class=\"wp-image-1672\" style=\"width:587px;height:auto\"\/><\/figure>\n\n\n\n<p><strong><em>A vektor elleni v\u00e9dekez\u00e9s<\/em><\/strong><br>Mivel maga a fitoplazma ellen nincs k\u00f6zvetlen vegyszeres v\u00e9dekez\u00e9si lehet\u0151s\u00e9g, a n\u00f6v\u00e9nyv\u00e9delmi beavatkoz\u00e1sok az amerikai sz\u0151l\u0151kab\u00f3ca ellen ir\u00e1nyulnak.<br>A hat\u00e9kony v\u00e9dekez\u00e9shez sz\u00fcks\u00e9ges:<\/p>\n\n\n\n<ul class=\"wp-block-list\">\n<li>a kab\u00f3cal\u00e1rv\u00e1k rendszeres megfigyel\u00e9se a levelek fon\u00e1k\u00e1n,<\/li>\n\n\n\n<li>j\u00f3l id\u0151z\u00edtett, \u00f6sszehangolt permetez\u00e9s<\/li>\n\n\n\n<li>az im\u00e1g\u00f3k monitoroz\u00e1sa s\u00e1rga ragacslapokkal,<\/li>\n\n\n\n<li>a rovar \u00e9letciklus\u00e1nak ismerete.<\/li>\n<\/ul>\n\n\n\n<p>A l\u00e1rv\u00e1k rendszerint k\u00e9s\u0151 tavasszal jelennek meg, m\u00edg a kifejlett egyedek ny\u00e1r k\u00f6zep\u00e9t\u0151l figyelhet\u0151k meg nagyobb sz\u00e1mban. A n\u00f6v\u00e9nyv\u00e9delmi kezel\u00e9sek hat\u00e9konys\u00e1ga nagym\u00e9rt\u00e9kben f\u00fcgg a megfelel\u0151 id\u0151z\u00edt\u00e9st\u0151l.<\/p>\n\n\n\n<p>A kezel\u00e9seket els\u0151sorban a l\u00e1rvast\u00e1dium idej\u00e9n c\u00e9lszer\u0171 elv\u00e9gezni, amikor a rovar m\u00e9g kev\u00e9sb\u00e9 mozg\u00e9kony \u00e9s \u00e9rz\u00e9kenyebb a n\u00f6v\u00e9nyv\u00e9d\u0151 szerekre. Ez \u00e1ltal\u00e1ban k\u00e9s\u0151 tavasszal v\u00e1lik id\u0151szer\u0171v\u00e9, ez\u00e9rt a rajz\u00e1s \u00e9s a l\u00e1rv\u00e1k megjelen\u00e9s\u00e9nek folyamatos megfigyel\u00e9se elengedhetetlen.<\/p>\n\n\n\n<p>A gyakorlatban azonban a sikeres v\u00e9dekez\u00e9s nemcsak az egyes gazd\u00e1k feladata. Fontos szerep jut a k\u00f6zs\u00e9geknek \u00e9s a hegyk\u00f6zs\u00e9geknek is, hiszen az \u00f6sszehangolt permetez\u00e9sek jelent\u0151sen n\u00f6velhetik a v\u00e9dekez\u00e9s hat\u00e9konys\u00e1g\u00e1t. Ide tartozik a megfelel\u0151 id\u0151pontok kommunik\u00e1l\u00e1sa, a gazd\u00e1k \u00e9rtes\u00edt\u00e9se, valamint a k\u00f6z\u00f6s n\u00f6v\u00e9nyv\u00e9delmi strat\u00e9gia kialak\u00edt\u00e1sa. B\u00e1r az \u00e1llam r\u00e9sz\u00e9r\u0151l m\u00e1r t\u00f6bbsz\u00f6r elhangzott, hogy a v\u00e9dekez\u00e9s koordin\u00e1ci\u00f3j\u00e1t er\u0151s\u00edteni kell, a gyakorlatban eddig f\u0151k\u00e9nt \u00edg\u00e9retek hangzottak el, ez\u00e9rt a termel\u0151knek nagy val\u00f3sz\u00edn\u0171s\u00e9ggel ebben is els\u0151sorban saj\u00e1t szervez\u00e9s\u00fckre \u00e9s egy\u00fcttm\u0171k\u00f6d\u00e9s\u00fckre kell t\u00e1maszkodniuk.<\/p>\n\n\n\n<p>A megfelel\u0151 hat\u00f3anyag\u00fa n\u00f6v\u00e9nyv\u00e9d\u0151 szerek list\u00e1j\u00e1t az \u00daKS\u00daP m\u00e1r k\u00f6zz\u00e9tette, azonban k\u00fcl\u00f6n\u00f6sen a kisebb gazd\u00e1lkod\u00f3k sz\u00e1m\u00e1ra tov\u00e1bbi gyakorlati t\u00e1j\u00e9koztat\u00e1sra van sz\u00fcks\u00e9g. Nemcsak a megfelel\u0151 k\u00e9sz\u00edtm\u00e9ny kiv\u00e1laszt\u00e1sa fontos, hanem az is, hogy a kezel\u00e9sek sor\u00e1n k\u00fcl\u00f6nb\u00f6z\u0151 hat\u00f3anyagcsoportok ker\u00fcljenek alkalmaz\u00e1sra. A rezisztencia kialakul\u00e1s\u00e1nak megel\u0151z\u00e9se \u00e9rdek\u00e9ben ugyanis aj\u00e1nlott a hat\u00f3anyagok v\u00e1lt\u00e1sa vagy kombin\u00e1l\u00e1sa, ami szakszer\u0171 tervez\u00e9st ig\u00e9nyel<\/p>\n\n\n\n<figure class=\"wp-block-image size-full\"><img decoding=\"async\" src=\"https:\/\/falugazdasz.sk\/wp-content\/uploads\/2026\/03\/image-1.jpeg\" alt=\"\" class=\"wp-image-1663\"\/><\/figure>\n\n\n\n<p><strong><em>A v\u00e9dekez\u00e9s terhei egyenl\u0151re a gazd\u00e1kra h\u00e1rulnak<\/em><\/strong><br>Az \u00e1llami szerepv\u00e1llal\u00e1s k\u00e9rd\u00e9se ugyanakkor tov\u00e1bbra is sok bizonytalans\u00e1got hagy maga ut\u00e1n. A 2025-\u00f6s \u00e9vhez hasonl\u00f3an a 2026-os \u00e9v eleje is els\u0151sorban hivatalos ir\u00e1nyelvek \u00e9s szakmai aj\u00e1nl\u00e1sok kiad\u00e1s\u00e1val indult, mik\u00f6zben a betegs\u00e9g visszaszor\u00edt\u00e1s\u00e1t seg\u00edt\u0151 konkr\u00e9t int\u00e9zked\u00e9sek egyel\u0151re nem jelentek meg.<\/p>\n\n\n\n<p>A jelenlegi inform\u00e1ci\u00f3k szerint a 2026-os k\u00f6lts\u00e9gvet\u00e9sben sem szerepel k\u00fcl\u00f6n k\u00e1rt\u00e9r\u00edt\u00e9si vagy kompenz\u00e1ci\u00f3s program a fert\u0151z\u00f6tt t\u0151k\u00e9k felsz\u00e1mol\u00e1s\u00e1ra, \u00e9s az elhanyagolt sz\u0151l\u0151ter\u00fcletek rendez\u00e9s\u00e9re sincs m\u00e9g m\u0171k\u00f6d\u0151 megold\u00e1s. Pedig \u00e9ppen ezek a gondozatlan parcell\u00e1k jelentik az egyik legnagyobb fert\u0151z\u00e9si kock\u00e1zatot, mivel benn\u00fck a kab\u00f3ca \u00e9s a fert\u0151z\u00e9s akad\u00e1lytalanul fennmaradhat. A ter\u00fcletek megtiszt\u00edt\u00e1sa jelenleg szinte kiz\u00e1r\u00f3lag a gazd\u00e1k \u00e9s f\u00f6ldtulajdonosok v\u00e1ll\u00e1n nyugszik, ami komoly anyagi terhet jelent.&nbsp;Ha egy er\u0151sen ben\u0151tt, elhagyott \u00fcltetv\u00e9ny felsz\u00e1mol\u00e1s\u00e1t szolg\u00e1ltat\u00f3val kell elv\u00e9geztetni, annak k\u00f6lts\u00e9ge ak\u00e1r hekt\u00e1ronk\u00e9nt a t\u00edzezer eur\u00f3t is el\u00e9rheti. \u00cdgy a gyakorlatban sok esetben a termel\u0151k maradnak egyed\u00fcl ezzel a jelent\u0151s gazdas\u00e1gi \u00e9s n\u00f6v\u00e9nyeg\u00e9szs\u00e9g\u00fcgyi probl\u00e9m\u00e1val.<\/p>\n\n\n\n<p><strong><em>M\u00e1rciusi teend\u0151k a fitoplazma terjed\u00e9s\u00e9nek lass\u00edt\u00e1s\u00e1ra<\/em><\/strong><br>A veget\u00e1ci\u00f3 indul\u00e1sa el\u0151tti id\u0151szak kulcsfontoss\u00e1g\u00fa a fert\u0151z\u00e9si nyom\u00e1s cs\u00f6kkent\u00e9s\u00e9ben.<br>A legfontosabb feladatok:<\/p>\n\n\n\n<p><strong>1. A fert\u0151z\u00f6tt t\u0151k\u00e9k felsz\u00e1mol\u00e1sa<\/strong><br>A kor\u00e1bban megjel\u00f6lt fert\u0151z\u00f6tt t\u0151k\u00e9ket m\u00e9g a veget\u00e1ci\u00f3 megindul\u00e1sa el\u0151tt el kell t\u00e1vol\u00edtani. A t\u0151k\u00e9ket t\u00f6vest\u0151l kell kiszedni, majd meg kell semmis\u00edteni. Ez a l\u00e9p\u00e9s jelent\u0151sen cs\u00f6kkentheti a szezon sor\u00e1n kialakul\u00f3 fert\u0151z\u00e9si nyom\u00e1st.<\/p>\n\n\n\n<p><strong>2. Metsz\u00e9s \u00e9s nyesed\u00e9kkezel\u00e9s<\/strong><br>A metsz\u00e9si nyesed\u00e9ket c\u00e9lszer\u0171 elt\u00e1vol\u00edtani az \u00fcltetv\u00e9nyb\u0151l \u00e9s megsemmis\u00edteni. Ezzel cs\u00f6kkenthet\u0151 az amerikai sz\u0151l\u0151kab\u00f3ca \u00e1ttelel\u0151 egyedsz\u00e1ma.<\/p>\n\n\n\n<p><strong>3. \u00dcltetv\u00e9nyek \u00e1tvizsg\u00e1l\u00e1sa<\/strong><br>A metsz\u00e9s idej\u00e9n k\u00fcl\u00f6n\u00f6sen fontos az \u00fcltetv\u00e9nyek \u00e1tvizsg\u00e1l\u00e1sa. A gyan\u00fas t\u0151k\u00e9ket \u00e9rdemes megjel\u00f6lni (nem be\u00e9rett vessz\u0151 s\u00f6t\u00e9t-sz\u00fcrk\u00e9s, feket\u00e9s sz\u00edn\u0171) \u00e9s sz\u00fcks\u00e9g eset\u00e9n szakemberrel ellen\u0151riztetni.<\/p>\n\n\n\n<p><strong>4. A szomsz\u00e9dos \u00fcltetv\u00e9nyek helyzet\u00e9nek felm\u00e9r\u00e9se<\/strong><br>Az \u00f6sszehangolt v\u00e9dekez\u00e9s kulcsfontoss\u00e1g\u00fa. Egy kezeletlen vagy elhanyagolt \u00fcltetv\u00e9ny az eg\u00e9sz k\u00f6rny\u00e9k fert\u0151z\u00e9si kock\u00e1zat\u00e1t n\u00f6velheti.<\/p>\n\n\n\n<p><strong><em>A falugazd\u00e1sz \u00e9s a telep\u00fcl\u00e9sek szerepe<\/em><\/strong><br>A sz\u0151l\u0151 aranysz\u00edn\u0171 s\u00e1rgas\u00e1ga nem csup\u00e1n egy\u00e9ni n\u00f6v\u00e9nyv\u00e9delmi k\u00e9rd\u00e9s. A betegs\u00e9g kezel\u00e9se t\u00e9rs\u00e9gi egy\u00fcttm\u0171k\u00f6d\u00e9st ig\u00e9nyel.<\/p>\n\n\n\n<p>Ebben fontos szerepe van a falugazd\u00e1szoknak, akik a helyi gazd\u00e1k mellett a telep\u00fcl\u00e9sek vezet\u0151it is seg\u00edthetik a megfelel\u0151 t\u00e1j\u00e9koztat\u00e1sban. A k\u00f6zs\u00e9gek sz\u00e1m\u00e1ra k\u00fcl\u00f6n\u00f6sen fontos:<\/p>\n\n\n\n<ul class=\"wp-block-list\">\n<li>a sz\u0151l\u0151ter\u00fcletek alapnyilv\u00e1ntart\u00e1s\u00e1nak elk\u00e9sz\u00edt\u00e9se,<\/li>\n\n\n\n<li>a tulajdonosok el\u00e9rhet\u0151s\u00e9g\u00e9nek nyilv\u00e1ntart\u00e1sa,<\/li>\n\n\n\n<li>a gazd\u00e1k rendszeres t\u00e1j\u00e9koztat\u00e1sa,<\/li>\n\n\n\n<li>a fert\u0151z\u00f6tt t\u0151k\u00e9k felsz\u00e1mol\u00e1s\u00e1nak \u00f6szt\u00f6nz\u00e9se,<\/li>\n\n\n\n<li>az elhagyott \u00fcltetv\u00e9nyek felm\u00e9r\u00e9se.<\/li>\n<\/ul>\n\n\n\n<p>Az elhanyagolt sz\u0151l\u0151ter\u00fcletek k\u00fcl\u00f6n\u00f6sen nagy fert\u0151z\u00e9si kock\u00e1zatot jelentenek, mivel ezekben a kab\u00f3capopul\u00e1ci\u00f3 akad\u00e1lytalanul felszaporodhat.<\/p>\n\n\n\n<p>A tapasztalatok azt mutatj\u00e1k, hogy egyetlen kezeletlen vagy elhanyagolt parcella is elegend\u0151 ahhoz, hogy egy teljes telep\u00fcl\u00e9s sz\u0151l\u0151termeszt\u00e9s\u00e9t vesz\u00e9lyeztesse. Ez\u00e9rt k\u00fcl\u00f6n\u00f6sen fontos a k\u00f6zs\u00e9gek vezet\u00e9s\u00e9nek, els\u0151sorban a polg\u00e1rmestereknek a hozz\u00e1\u00e1ll\u00e1sa \u00e9s szerepv\u00e1llal\u00e1sa. Sz\u00e1mos telep\u00fcl\u00e9sen ugyanis nem m\u0171k\u00f6dik hegyk\u00f6zs\u00e9g vagy bor\u00e1szati t\u00e1rsul\u00e1s, amely k\u00e9pes lenne a kisebb sz\u0151l\u0151sgazd\u00e1k koordin\u00e1l\u00e1s\u00e1ra \u00e9s motiv\u00e1l\u00e1s\u00e1ra. Ilyen helyzetben a helyi \u00f6nkorm\u00e1nyzat t\u00e1j\u00e9koztat\u00f3 \u00e9s szervez\u0151 szerepe v\u00e1lik kulcsfontoss\u00e1g\u00fav\u00e1 a fert\u0151z\u00e9s terjed\u00e9s\u00e9nek visszaszor\u00edt\u00e1s\u00e1ban.<\/p>\n\n\n\n<figure class=\"wp-block-image size-full is-resized\"><img decoding=\"async\" src=\"https:\/\/falugazdasz.sk\/wp-content\/uploads\/2026\/03\/image-2.jpeg\" alt=\"\" class=\"wp-image-1664\" style=\"width:571px;height:auto\"\/><\/figure>\n\n\n\n<p><strong><em>A k\u00f6vetkez\u0151 \u00e9vek kulcsfontoss\u00e1g\u00faak<\/em><\/strong><br>A szakmai tapasztalatok alapj\u00e1n a 2025-\u00f6s \u00e9v sok helyen a fert\u0151z\u00e9s megjelen\u00e9s\u00e9nek id\u0151szaka volt. A k\u00f6vetkez\u0151 n\u00e9h\u00e1ny \u00e9v d\u00f6nt\u0151 jelent\u0151s\u00e9g\u0171 lehet abban, hogy siker\u00fcl-e lass\u00edtani a betegs\u00e9g terjed\u00e9s\u00e9t a Felvid\u00e9k sz\u0151l\u0151term\u0151 ter\u00fcletein.<\/p>\n\n\n\n<p>Ehhez azonban k\u00f6vetkezetes munk\u00e1ra, gyors reag\u00e1l\u00e1sra \u00e9s a gazd\u00e1k k\u00f6z\u00f6tti egy\u00fcttm\u0171k\u00f6d\u00e9sre lesz sz\u00fcks\u00e9g.<\/p>\n\n\n\n<p><strong>Pereszl\u00e9nyi Csaba <br><\/strong>Felvid\u00e9ki Falugazd\u00e1sz H\u00e1l\u00f3zat \u2013 Szlov\u00e1kiai Magyar V\u00e1llalkoz\u00f3k Sz\u00f6vets\u00e9ge<br>Kelt. 2026.3.11. P\u00e1rk\u00e1ny<\/p>\n\n\n<div class=\"rl-gallery-container rl-loading\" id=\"rl-gallery-container-1\" data-gallery_id=\"1676\"> <div class=\"rl-gallery rl-basicgrid-gallery \" id=\"rl-gallery-1\" data-gallery_no=\"1\"> <div class=\"rl-gallery-item\"><a href=\"https:\/\/falugazdasz.sk\/wp-content\/uploads\/2026\/03\/Kep1-2-1.jpg\" title=\"\" data-rl_title=\"\" class=\"rl-gallery-link\" data-rl_caption=\"\" data-rel=\"lightbox-gallery-1\"><img loading=\"lazy\" decoding=\"async\" src=\"https:\/\/falugazdasz.sk\/wp-content\/uploads\/2026\/03\/Kep1-2-1-300x225.jpg\" width=\"300\" height=\"225\" alt=\"\"\/><\/a><\/div><div class=\"rl-gallery-item\"><a href=\"https:\/\/falugazdasz.sk\/wp-content\/uploads\/2026\/03\/Kep2-2.jpg\" title=\"\" data-rl_title=\"\" class=\"rl-gallery-link\" data-rl_caption=\"\" data-rel=\"lightbox-gallery-1\"><img loading=\"lazy\" decoding=\"async\" src=\"https:\/\/falugazdasz.sk\/wp-content\/uploads\/2026\/03\/Kep2-2-300x168.jpg\" width=\"300\" height=\"168\" alt=\"\"\/><\/a><\/div><div class=\"rl-gallery-item\"><a href=\"https:\/\/falugazdasz.sk\/wp-content\/uploads\/2026\/03\/Kep3-1.png\" title=\"\" data-rl_title=\"\" class=\"rl-gallery-link\" data-rl_caption=\"\" data-rel=\"lightbox-gallery-1\"><img loading=\"lazy\" decoding=\"async\" src=\"https:\/\/falugazdasz.sk\/wp-content\/uploads\/2026\/03\/Kep3-1-300x168.png\" width=\"300\" height=\"168\" alt=\"\"\/><\/a><\/div><div class=\"rl-gallery-item\"><a href=\"https:\/\/falugazdasz.sk\/wp-content\/uploads\/2026\/03\/Kep4-2.jpg\" title=\"\" data-rl_title=\"\" class=\"rl-gallery-link\" data-rl_caption=\"\" data-rel=\"lightbox-gallery-1\"><img loading=\"lazy\" decoding=\"async\" src=\"https:\/\/falugazdasz.sk\/wp-content\/uploads\/2026\/03\/Kep4-2-300x169.jpg\" width=\"300\" height=\"169\" alt=\"\"\/><\/a><\/div><div class=\"rl-gallery-item\"><a href=\"https:\/\/falugazdasz.sk\/wp-content\/uploads\/2026\/03\/Kep6.jpg\" title=\"\" data-rl_title=\"\" class=\"rl-gallery-link\" data-rl_caption=\"\" data-rel=\"lightbox-gallery-1\"><img loading=\"lazy\" decoding=\"async\" src=\"https:\/\/falugazdasz.sk\/wp-content\/uploads\/2026\/03\/Kep6-300x169.jpg\" width=\"300\" height=\"169\" alt=\"\"\/><\/a><\/div><div class=\"rl-gallery-item\"><a href=\"https:\/\/falugazdasz.sk\/wp-content\/uploads\/2026\/03\/Kep8.jpg\" title=\"\" data-rl_title=\"\" class=\"rl-gallery-link\" data-rl_caption=\"\" data-rel=\"lightbox-gallery-1\"><img loading=\"lazy\" decoding=\"async\" src=\"https:\/\/falugazdasz.sk\/wp-content\/uploads\/2026\/03\/Kep8-300x254.jpg\" width=\"300\" height=\"254\" alt=\"\"\/><\/a><\/div><div class=\"rl-gallery-item\"><a href=\"https:\/\/falugazdasz.sk\/wp-content\/uploads\/2026\/03\/Kep9.jpg\" title=\"\" data-rl_title=\"\" class=\"rl-gallery-link\" data-rl_caption=\"\" data-rel=\"lightbox-gallery-1\"><img loading=\"lazy\" decoding=\"async\" src=\"https:\/\/falugazdasz.sk\/wp-content\/uploads\/2026\/03\/Kep9-300x169.jpg\" width=\"300\" height=\"169\" alt=\"\"\/><\/a><\/div> <\/div> <\/div>\n","protected":false},"excerpt":{"rendered":"<p>Az elm\u00falt id\u0151szakban egyre gyakrabban ker\u00fcl sz\u00f3ba a sz\u0151l\u0151 egyik legs\u00falyosabb betegs\u00e9ge, a sz\u0151l\u0151 aranysz\u00edn\u0171 s\u00e1rgas\u00e1ga (fitoplazma). A probl\u00e9ma ma m\u00e1r nem csup\u00e1n egy-egy borvid\u00e9k gondja, hanem egyre ink\u00e1bb orsz\u00e1gos [&hellip;]<\/p>\n","protected":false},"author":2,"featured_media":1716,"comment_status":"closed","ping_status":"closed","sticky":false,"template":"","format":"standard","meta":{"_acf_changed":false,"pmpro_default_level":"","inline_featured_image":false,"footnotes":""},"categories":[100],"tags":[],"class_list":["post-1656","post","type-post","status-publish","format-standard","has-post-thumbnail","hentry","category-hirek","pmpro-has-access"],"acf":[],"_links":{"self":[{"href":"https:\/\/falugazdasz.sk\/hu\/wp-json\/wp\/v2\/posts\/1656","targetHints":{"allow":["GET"]}}],"collection":[{"href":"https:\/\/falugazdasz.sk\/hu\/wp-json\/wp\/v2\/posts"}],"about":[{"href":"https:\/\/falugazdasz.sk\/hu\/wp-json\/wp\/v2\/types\/post"}],"author":[{"embeddable":true,"href":"https:\/\/falugazdasz.sk\/hu\/wp-json\/wp\/v2\/users\/2"}],"replies":[{"embeddable":true,"href":"https:\/\/falugazdasz.sk\/hu\/wp-json\/wp\/v2\/comments?post=1656"}],"version-history":[{"count":6,"href":"https:\/\/falugazdasz.sk\/hu\/wp-json\/wp\/v2\/posts\/1656\/revisions"}],"predecessor-version":[{"id":1719,"href":"https:\/\/falugazdasz.sk\/hu\/wp-json\/wp\/v2\/posts\/1656\/revisions\/1719"}],"wp:featuredmedia":[{"embeddable":true,"href":"https:\/\/falugazdasz.sk\/hu\/wp-json\/wp\/v2\/media\/1716"}],"wp:attachment":[{"href":"https:\/\/falugazdasz.sk\/hu\/wp-json\/wp\/v2\/media?parent=1656"}],"wp:term":[{"taxonomy":"category","embeddable":true,"href":"https:\/\/falugazdasz.sk\/hu\/wp-json\/wp\/v2\/categories?post=1656"},{"taxonomy":"post_tag","embeddable":true,"href":"https:\/\/falugazdasz.sk\/hu\/wp-json\/wp\/v2\/tags?post=1656"}],"curies":[{"name":"wp","href":"https:\/\/api.w.org\/{rel}","templated":true}]}}