{"id":1699,"date":"2026-03-27T12:28:55","date_gmt":"2026-03-27T11:28:55","guid":{"rendered":"https:\/\/falugazdasz.sk\/?p=1699"},"modified":"2026-03-27T12:33:35","modified_gmt":"2026-03-27T11:33:35","slug":"tovabb-terjed-az-afrikai-sertespestis-szlovakiaban","status":"publish","type":"post","link":"https:\/\/falugazdasz.sk\/hu\/tovabb-terjed-az-afrikai-sertespestis-szlovakiaban\/","title":{"rendered":"Tov\u00e1bb terjed az afrikai\u00a0sert\u00e9spestis Szlov\u00e1ki\u00e1ban"},"content":{"rendered":"\n<p>Szlov\u00e1ki\u00e1ban az afrikai sert\u00e9spestis (ASP) jelenleg is komoly j\u00e1rv\u00e1ny\u00fcgyi kih\u00edv\u00e1st jelent, mind a vaddiszn\u00f3\u00e1llom\u00e1nyban, mind esetenk\u00e9nt a h\u00e1zi sert\u00e9sekn\u00e9l. Friss eseteket igazoltak a\u00a0<strong>Zsolnai j\u00e1r\u00e1sban<\/strong>, k\u00fcl\u00f6n\u00f6sen a Rajeck\u00e1-v\u00f6lgy t\u00e9rs\u00e9g\u00e9ben (Kamenna Poruba \u00e9s Kunerad k\u00f6rny\u00e9k\u00e9n) elhullott vaddiszn\u00f3kban \u2013 tette k\u00f6zz\u00e9 m\u00e1rcius 20.-\u00e1n az \u00c1llami \u00c1llateg\u00e9szs\u00e9g\u00fcgyi \u00e9s \u00c9lelmiszer\u00fcgyi Hivatal a k\u00f6z\u00f6ss\u00e9gi oldal\u00e1n.<\/p>\n\n\n\n<p>A betegs\u00e9get a\u00a0<strong>Brezie-Str\u00e1nske<\/strong>\u00a0\u00e9s a\u00a0<strong>Porubsk\u00e1<\/strong>\u00a0elnevez\u00e9s\u0171 vad\u00e1szt\u00e1rsas\u00e1gok k\u00f6rzet\u00e9ben tal\u00e1lt, 3 elhullott vaddiszn\u00f3ban mutatt\u00e1k ki, \u00e9s mivel 500 m-es t\u00e1vols\u00e1gban \u00fagy v\u00e9lik egy csord\u00e1b\u00f3l sz\u00e1rmaztak.<\/p>\n\n\n\n<p>Ezeket a ter\u00fcleteket m\u00e1r kor\u00e1bban is bevont\u00e1k a korl\u00e1toz\u00e1s al\u00e1 vont \u00f6vezetbe az AMO el\u0151fordul\u00e1sa miatt a Vy\u0161ehradn\u00e9 r\u00e9gi\u00f3ban (Prievidza j\u00e1r\u00e1s) 2025 decembere \u00f3ta, amely 20 kilom\u00e9terre tal\u00e1lhat\u00f3 az \u00faj kit\u00f6r\u00e9si pontt\u00f3l. A fert\u0151z\u00e9s fokozatosan terjed a Kis-F\u00e1tra fel\u00e9, f\u0151k\u00e9nt a vaddiszn\u00f3k term\u00e9szetes mozg\u00e1sa r\u00e9v\u00e9n, \u00e9lelem \u00e9s mened\u00e9k keres\u00e9se sor\u00e1n \u2013 k\u00f6z\u00f6lte az \u00c1llami \u00c1llateg\u00e9szs\u00e9g\u00fcgyi \u00e9s \u00c9lelmiszer\u00fcgyi Hivatal.<\/p>\n\n\n\n<p>A j\u00f3 h\u00edr az, hogy az \u00e9rintett ter\u00fcleteken jelenleg alacsony a vaddiszn\u00f3k s\u0171r\u0171s\u00e9ge, \u00edgy v\u00e1rhat\u00f3an nem lesz olyan s\u00falyos, mint Prievidza k\u00f6rny\u00e9k\u00e9n.<\/p>\n\n\n\n<p><strong><em>Hat\u00f3s\u00e1gi int\u00e9zked\u00e9sek a\u00a0t\u00e9rs\u00e9gben<\/em><\/strong><br>A Zsolnai Region\u00e1lis \u00c1llateg\u00e9szs\u00e9g\u00fcgyi \u00e9s \u00c9lelmiszerbiztons\u00e1gi Fel\u00fcgyelet (RVPS \u017dilina) az esetek ut\u00e1n azonnal szigor\u00edt\u00e1sokat vezetett be:<\/p>\n\n\n\n<ol class=\"wp-block-list\">\n<li><strong>Fert\u0151z\u00f6tt ter\u00fclet kijel\u00f6l\u00e9se:<\/strong>\u00a0A hat\u00f3s\u00e1gok meghat\u00e1rozt\u00e1k azt a z\u00f3n\u00e1t, ahol fokozott ellen\u0151rz\u00e9s \u00e9s korl\u00e1toz\u00e1sok vannak \u00e9rv\u00e9nyben.<\/li>\n\n\n\n<li><strong>Figyelmeztet\u00e9s a lakoss\u00e1gnak:<\/strong>\u00a0A k\u00f6rny\u00e9kbeli telep\u00fcl\u00e9sek (pl. Rajeck\u00e9 Teplice, Rajeck\u00e1 Lesn\u00e1) t\u00e1j\u00e9koztat\u00f3kat adtak ki, k\u00e9rve a lakosokat, hogy legyenek \u00f3vatosak az erd\u0151kben, \u00e9s b\u00e1rmilyen elhullott vaddiszn\u00f3 \u00e9szlel\u00e9sekor azonnal \u00e9rtes\u00edts\u00e9k a hat\u00f3s\u00e1gokat.<\/li>\n\n\n\n<li><strong>Szigor\u00fa biobiztons\u00e1g:<\/strong>\u00a0A h\u00e1zi sert\u00e9st tart\u00f3 gazd\u00e1k sz\u00e1m\u00e1ra k\u00f6telez\u0151v\u00e9 tett\u00e9k a legmagasabb szint\u0171 j\u00e1rv\u00e1nyv\u00e9delmi int\u00e9zked\u00e9sek betart\u00e1s\u00e1t, hogy megakad\u00e1lyozz\u00e1k a v\u00edrus bejut\u00e1s\u00e1t az ist\u00e1ll\u00f3kba.<\/li>\n\n\n\n<li><strong>Vad\u00e1szati tilalom\/szab\u00e1lyoz\u00e1s:<\/strong>\u00a0az \u00e9rintett vad\u00e1szt\u00e1rsas\u00e1gokn\u00e1l m\u00e9g nincs vad\u00e1szati tilalom, de a helyzetet folyamatosan ellen\u0151rzik, \u00e9s ha rosszabbodik, korl\u00e1tozhatj\u00e1k a vad\u00e1szatot \u00e9s a vadh\u00fas mozgat\u00e1s\u00e1t.\u00a0<\/li>\n<\/ol>\n\n\n\n<p>Az aktu\u00e1lis korl\u00e1toz\u00e1sokr\u00f3l \u00e9s a fert\u0151z\u00f6tt z\u00f3n\u00e1k pontos hat\u00e1rair\u00f3l a\u00a0<a href=\"https:\/\/svps.sk\/vyskyt-africkeho-moru-osipanych-amo-v-rajeckej-doline\/\" target=\"_blank\" rel=\"noreferrer noopener\">\u0160VPS SR hivatalos honlapj\u00e1n<\/a>\u00a0 t\u00e1j\u00e9koz\u00f3dhatnak r\u00e9szletesebben.<\/p>\n\n\n\n<p><strong>\u0160uba Vikt\u00f3ria<br><\/strong>falugazd\u00e1sz<br>2026.3.26.<\/p>\n\n\n\n<figure class=\"wp-block-image size-large\"><img loading=\"lazy\" decoding=\"async\" width=\"1024\" height=\"681\" src=\"https:\/\/falugazdasz.sk\/wp-content\/uploads\/2026\/03\/Kep1-1-1-1024x681.jpg\" alt=\"\" class=\"wp-image-1710\" srcset=\"https:\/\/falugazdasz.sk\/wp-content\/uploads\/2026\/03\/Kep1-1-1-1024x681.jpg 1024w, https:\/\/falugazdasz.sk\/wp-content\/uploads\/2026\/03\/Kep1-1-1-300x199.jpg 300w, https:\/\/falugazdasz.sk\/wp-content\/uploads\/2026\/03\/Kep1-1-1-768x511.jpg 768w, https:\/\/falugazdasz.sk\/wp-content\/uploads\/2026\/03\/Kep1-1-1.jpg 1444w\" sizes=\"auto, (max-width: 1024px) 100vw, 1024px\" \/><\/figure>\n","protected":false},"excerpt":{"rendered":"<p>Szlov\u00e1ki\u00e1ban az afrikai sert\u00e9spestis (ASP) jelenleg is komoly j\u00e1rv\u00e1ny\u00fcgyi kih\u00edv\u00e1st jelent, mind a vaddiszn\u00f3\u00e1llom\u00e1nyban, mind esetenk\u00e9nt a h\u00e1zi sert\u00e9sekn\u00e9l. Friss eseteket igazoltak a\u00a0Zsolnai j\u00e1r\u00e1sban, k\u00fcl\u00f6n\u00f6sen a Rajeck\u00e1-v\u00f6lgy t\u00e9rs\u00e9g\u00e9ben (Kamenna Poruba [&hellip;]<\/p>\n","protected":false},"author":2,"featured_media":1710,"comment_status":"closed","ping_status":"closed","sticky":false,"template":"","format":"standard","meta":{"_acf_changed":false,"pmpro_default_level":"","inline_featured_image":false,"footnotes":""},"categories":[100],"tags":[],"class_list":["post-1699","post","type-post","status-publish","format-standard","has-post-thumbnail","hentry","category-hirek","pmpro-has-access"],"acf":[],"_links":{"self":[{"href":"https:\/\/falugazdasz.sk\/hu\/wp-json\/wp\/v2\/posts\/1699","targetHints":{"allow":["GET"]}}],"collection":[{"href":"https:\/\/falugazdasz.sk\/hu\/wp-json\/wp\/v2\/posts"}],"about":[{"href":"https:\/\/falugazdasz.sk\/hu\/wp-json\/wp\/v2\/types\/post"}],"author":[{"embeddable":true,"href":"https:\/\/falugazdasz.sk\/hu\/wp-json\/wp\/v2\/users\/2"}],"replies":[{"embeddable":true,"href":"https:\/\/falugazdasz.sk\/hu\/wp-json\/wp\/v2\/comments?post=1699"}],"version-history":[{"count":3,"href":"https:\/\/falugazdasz.sk\/hu\/wp-json\/wp\/v2\/posts\/1699\/revisions"}],"predecessor-version":[{"id":1712,"href":"https:\/\/falugazdasz.sk\/hu\/wp-json\/wp\/v2\/posts\/1699\/revisions\/1712"}],"wp:featuredmedia":[{"embeddable":true,"href":"https:\/\/falugazdasz.sk\/hu\/wp-json\/wp\/v2\/media\/1710"}],"wp:attachment":[{"href":"https:\/\/falugazdasz.sk\/hu\/wp-json\/wp\/v2\/media?parent=1699"}],"wp:term":[{"taxonomy":"category","embeddable":true,"href":"https:\/\/falugazdasz.sk\/hu\/wp-json\/wp\/v2\/categories?post=1699"},{"taxonomy":"post_tag","embeddable":true,"href":"https:\/\/falugazdasz.sk\/hu\/wp-json\/wp\/v2\/tags?post=1699"}],"curies":[{"name":"wp","href":"https:\/\/api.w.org\/{rel}","templated":true}]}}