{"id":1734,"date":"2026-04-07T18:24:36","date_gmt":"2026-04-07T16:24:36","guid":{"rendered":"https:\/\/falugazdasz.sk\/?p=1734"},"modified":"2026-04-07T18:41:53","modified_gmt":"2026-04-07T16:41:53","slug":"nemzetkozi-szakmai-egyeztetes-a-videki-fiatalok-helyben-maradasarol-brusszelben","status":"publish","type":"post","link":"https:\/\/falugazdasz.sk\/hu\/nemzetkozi-szakmai-egyeztetes-a-videki-fiatalok-helyben-maradasarol-brusszelben\/","title":{"rendered":"Nemzetk\u00f6zi szakmai egyeztet\u00e9s a vid\u00e9ki fiatalok helyben marad\u00e1s\u00e1r\u00f3l Br\u00fcsszelben"},"content":{"rendered":"\n<p>2026. m\u00e1rcius 11.-\u00e9n az <strong>EU CAP Network<\/strong> szervez\u00e9s\u00e9ben egy nemzetk\u00f6zi szakmai tan\u00e1cskoz\u00e1sra ker\u00fclt sor Br\u00fcsszelben, amely a vid\u00e9ki fiatalok \u00e9s fiatal gazd\u00e1lkod\u00f3k helyben marad\u00e1s\u00e1nak el\u0151seg\u00edt\u00e9s\u00e9re f\u00f3kusz\u00e1lt. Az EU CAP Network az Eur\u00f3pai Uni\u00f3 k\u00f6z\u00f6s agr\u00e1rpolitik\u00e1j\u00e1hoz kapcsol\u00f3d\u00f3 szakmai egy\u00fcttm\u0171k\u00f6d\u00e9si h\u00e1l\u00f3zat, amely kulcsszerepet t\u00f6lt be a tag\u00e1llami agr\u00e1r- \u00e9s vid\u00e9kfejleszt\u00e9si strat\u00e9gi\u00e1k kidolgoz\u00e1s\u00e1nak \u00e9s v\u00e9grehajt\u00e1s\u00e1nak t\u00e1mogat\u00e1s\u00e1ban. Tev\u00e9kenys\u00e9ge hozz\u00e1j\u00e1rul a szakpolitikai c\u00e9lkit\u0171z\u00e9sek hat\u00e9kony megval\u00f3s\u00edt\u00e1s\u00e1hoz.<\/p>\n\n\n\n<p>A szemin\u00e1riumon 27 orsz\u00e1gb\u00f3l k\u00f6zel 200 szakember vett r\u00e9szt. Szlov\u00e1ki\u00e1t n\u00e9gyen k\u00e9pviselt\u00e9k, k\u00f6zt\u00fck a <strong>Felvid\u00e9ki Falugazd\u00e1sz H\u00e1l\u00f3zat<\/strong> k\u00e9t szaktan\u00e1csad\u00f3ja <strong>Pecs\u00e9rke Andreas \u00e9s Puss P\u00e9ter<\/strong>, valamint a <strong>Vidiecky parlament mlad\u00fdch na Slovensku<\/strong> k\u00e9t k\u00e9pvisel\u0151je. A r\u00e9sztvev\u0151k akt\u00edvan hozz\u00e1j\u00e1rultak a szakmai p\u00e1rbesz\u00e9dhez \u00e9s a k\u00f6z\u00f6s javaslatok kidolgoz\u00e1s\u00e1hoz.<\/p>\n\n\n\n<p>A tan\u00e1cskoz\u00e1s k\u00f6z\u00e9ppontj\u00e1ban az eur\u00f3pai mez\u0151gazdas\u00e1g gener\u00e1ci\u00f3s meg\u00fajul\u00e1s\u00e1nak s\u00fcrget\u0151 k\u00e9rd\u00e9se \u00e1llt. Az \u00e1gazat jelenlegi demogr\u00e1fiai helyzete komoly kih\u00edv\u00e1sokat jelez: a gazd\u00e1lkod\u00f3k \u00e1tlag\u00e9letkora k\u00f6zel 60 \u00e9v, mik\u00f6zben a 40 \u00e9v alattiak ar\u00e1nya mind\u00f6ssze 12%. Ezzel p\u00e1rhuzamosan a vid\u00e9ki fiatalok k\u00f6r\u00e9ben is er\u0151s\u00f6dik az elv\u00e1ndorl\u00e1si sz\u00e1nd\u00e9k.<\/p>\n\n\n\n<p>Az <strong>EU CAP Network<\/strong> \u00e1ltal szervezett esem\u00e9ny c\u00e9lja az volt, hogy el\u0151seg\u00edtse a gener\u00e1ci\u00f3s meg\u00fajul\u00e1st t\u00e1mogat\u00f3 strat\u00e9gi\u00e1k kidolgoz\u00e1s\u00e1t, valamint er\u0151s\u00edtse az egy\u00fcttm\u0171k\u00f6d\u00e9st a vid\u00e9ki fiatalok \u00e9s a fiatal gazd\u00e1lkod\u00f3k k\u00f6z\u00f6tt.<\/p>\n\n\n\n<p>A program sor\u00e1n a r\u00e9sztvev\u0151k szakmai el\u0151ad\u00e1sokon \u00e9s egyeztet\u00e9seken vettek r\u00e9szt. A k\u00f6z\u00f6s munka eredm\u00e9nyek\u00e9nt egy \u00e1tfog\u00f3 javaslatcsomag ker\u00fcl majd kidolgoz\u00e1sra, amely konkr\u00e9t megold\u00e1sokat k\u00edn\u00e1l a vid\u00e9ki t\u00e9rs\u00e9gek fiatal lakoss\u00e1g\u00e1nak megtart\u00e1s\u00e1ra.<\/p>\n\n\n\n<p>A rendezv\u00e9ny emellett kiv\u00e1l\u00f3 lehet\u0151s\u00e9get biztos\u00edtott nemzetk\u00f6zi kapcsolatok \u00e9p\u00edt\u00e9s\u00e9re \u00e9s tapasztalatcser\u00e9re. A szervez\u0151k \u00e9s r\u00e9sztvev\u0151k egyar\u00e1nt b\u00edznak abban, hogy a megfogalmazott javaslatok hozz\u00e1j\u00e1rulnak a vid\u00e9ki t\u00e9rs\u00e9gek hossz\u00fa t\u00e1v\u00fa fenntarthat\u00f3s\u00e1g\u00e1hoz.<\/p>\n\n\n\n<p>A <strong>Felvid\u00e9ki Falugazd\u00e1sz H\u00e1l\u00f3zat<\/strong> elk\u00f6telezett abban, hogy tapasztalataikat \u00e9s kapcsolataikat a hazai gyakorlatban is hasznos\u00edtsa, el\u0151seg\u00edtve a vid\u00e9ki fiatalok helyben marad\u00e1s\u00e1t.<\/p>\n\n\n\n<p><strong>Puss P\u00e9ter<\/strong><br>falugazd\u00e1sz<\/p>\n\n\n<div class=\"rl-gallery-container rl-loading\" id=\"rl-gallery-container-1\" data-gallery_id=\"1735\"> <div class=\"rl-gallery rl-basicgrid-gallery \" id=\"rl-gallery-1\" data-gallery_no=\"1\"> <div class=\"rl-gallery-item\"><a href=\"https:\/\/falugazdasz.sk\/wp-content\/uploads\/2026\/04\/1.jpg\" title=\"\" data-rl_title=\"\" class=\"rl-gallery-link\" data-rl_caption=\"\" data-rel=\"lightbox-gallery-1\"><img loading=\"lazy\" decoding=\"async\" src=\"https:\/\/falugazdasz.sk\/wp-content\/uploads\/2026\/04\/1-300x267.jpg\" width=\"300\" height=\"267\" alt=\"\"\/><\/a><\/div><div class=\"rl-gallery-item\"><a href=\"https:\/\/falugazdasz.sk\/wp-content\/uploads\/2026\/04\/3.jpg\" title=\"\" data-rl_title=\"\" class=\"rl-gallery-link\" data-rl_caption=\"\" data-rel=\"lightbox-gallery-1\"><img loading=\"lazy\" decoding=\"async\" src=\"https:\/\/falugazdasz.sk\/wp-content\/uploads\/2026\/04\/3-289x300.jpg\" width=\"289\" height=\"300\" alt=\"\"\/><\/a><\/div><div class=\"rl-gallery-item\"><a href=\"https:\/\/falugazdasz.sk\/wp-content\/uploads\/2026\/04\/2-scaled-e1775579277131.jpg\" title=\"\" data-rl_title=\"\" class=\"rl-gallery-link\" data-rl_caption=\"\" data-rel=\"lightbox-gallery-1\"><img loading=\"lazy\" decoding=\"async\" src=\"https:\/\/falugazdasz.sk\/wp-content\/uploads\/2026\/04\/2-scaled-e1775579277131-219x300.jpg\" width=\"219\" height=\"300\" alt=\"\"\/><\/a><\/div><div class=\"rl-gallery-item\"><a href=\"https:\/\/falugazdasz.sk\/wp-content\/uploads\/2026\/04\/4-scaled.jpg\" title=\"\" data-rl_title=\"\" class=\"rl-gallery-link\" data-rl_caption=\"\" data-rel=\"lightbox-gallery-1\"><img loading=\"lazy\" decoding=\"async\" src=\"https:\/\/falugazdasz.sk\/wp-content\/uploads\/2026\/04\/4-300x101.jpg\" width=\"300\" height=\"101\" alt=\"\"\/><\/a><\/div> <\/div> <\/div>\n","protected":false},"excerpt":{"rendered":"<p>2026. m\u00e1rcius 11.-\u00e9n az EU CAP Network szervez\u00e9s\u00e9ben egy nemzetk\u00f6zi szakmai tan\u00e1cskoz\u00e1sra ker\u00fclt sor Br\u00fcsszelben, amely a vid\u00e9ki fiatalok \u00e9s fiatal gazd\u00e1lkod\u00f3k helyben marad\u00e1s\u00e1nak el\u0151seg\u00edt\u00e9s\u00e9re f\u00f3kusz\u00e1lt. Az EU CAP Network [&hellip;]<\/p>\n","protected":false},"author":2,"featured_media":1736,"comment_status":"closed","ping_status":"closed","sticky":false,"template":"","format":"standard","meta":{"_acf_changed":false,"pmpro_default_level":"","inline_featured_image":false,"footnotes":""},"categories":[100],"tags":[],"class_list":["post-1734","post","type-post","status-publish","format-standard","has-post-thumbnail","hentry","category-hirek","pmpro-has-access"],"acf":[],"_links":{"self":[{"href":"https:\/\/falugazdasz.sk\/hu\/wp-json\/wp\/v2\/posts\/1734","targetHints":{"allow":["GET"]}}],"collection":[{"href":"https:\/\/falugazdasz.sk\/hu\/wp-json\/wp\/v2\/posts"}],"about":[{"href":"https:\/\/falugazdasz.sk\/hu\/wp-json\/wp\/v2\/types\/post"}],"author":[{"embeddable":true,"href":"https:\/\/falugazdasz.sk\/hu\/wp-json\/wp\/v2\/users\/2"}],"replies":[{"embeddable":true,"href":"https:\/\/falugazdasz.sk\/hu\/wp-json\/wp\/v2\/comments?post=1734"}],"version-history":[{"count":2,"href":"https:\/\/falugazdasz.sk\/hu\/wp-json\/wp\/v2\/posts\/1734\/revisions"}],"predecessor-version":[{"id":1749,"href":"https:\/\/falugazdasz.sk\/hu\/wp-json\/wp\/v2\/posts\/1734\/revisions\/1749"}],"wp:featuredmedia":[{"embeddable":true,"href":"https:\/\/falugazdasz.sk\/hu\/wp-json\/wp\/v2\/media\/1736"}],"wp:attachment":[{"href":"https:\/\/falugazdasz.sk\/hu\/wp-json\/wp\/v2\/media?parent=1734"}],"wp:term":[{"taxonomy":"category","embeddable":true,"href":"https:\/\/falugazdasz.sk\/hu\/wp-json\/wp\/v2\/categories?post=1734"},{"taxonomy":"post_tag","embeddable":true,"href":"https:\/\/falugazdasz.sk\/hu\/wp-json\/wp\/v2\/tags?post=1734"}],"curies":[{"name":"wp","href":"https:\/\/api.w.org\/{rel}","templated":true}]}}