{"id":1814,"date":"2026-04-14T20:51:56","date_gmt":"2026-04-14T18:51:56","guid":{"rendered":"https:\/\/falugazdasz.sk\/?p=1814"},"modified":"2026-04-14T22:08:57","modified_gmt":"2026-04-14T20:08:57","slug":"1814","status":"publish","type":"post","link":"https:\/\/falugazdasz.sk\/hu\/1814\/","title":{"rendered":"PPA: Aktu\u00e1lis felh\u00edv\u00e1sok 2026"},"content":{"rendered":"\n<p>A PPA k\u00f6zz\u00e9 tette a 2026-os \u00e9vre sz\u00f3l\u00f3 aktu\u00e1lis felh\u00edv\u00e1sokat az al\u00e1bbi k\u00e9relmezhet\u0151 t\u00e1mogat\u00e1sokra:<\/p>\n\n\n\n<p><strong><img loading=\"lazy\" decoding=\"async\" height=\"16\" width=\"16\" src=\"https:\/\/static.xx.fbcdn.net\/images\/emoji.php\/v9\/t8e\/3\/16\/1f404.png\" alt=\"\ud83d\udc04\"> Felh\u00edv\u00e1s az \u00e1llategys\u00e9g ut\u00e1n j\u00e1r\u00f3 k\u00f6zvetlen t\u00e1mogat\u00e1sokra a 2026-os \u00e9vre.<\/strong><\/p>\n\n\n\n<p><a href=\"https:\/\/www.apa.sk\/vyzvy\/vyzva-vyzva-na-predkladanie-ziadosti-o-priame-podpory-na-zvierata-na-rok-2026?fbclid=IwY2xjawRLfRdleHRuA2FlbQIxMABicmlkETBxMDRXZG94MUNSWUZyNjRmc3J0YwZhcHBfaWQQMjIyMDM5MTc4ODIwMDg5MgABHmFegS1u4KmvRajXcF5YhRINfzHjgS4Ou99UXLTAgAyrUul5LK_1mdVn5nQ5_aem_iZGVbC-NMXtVzMD-s5gJew\" data-type=\"link\" data-id=\"https:\/\/www.apa.sk\/vyzvy\/vyzva-vyzva-na-predkladanie-ziadosti-o-priame-podpory-na-zvierata-na-rok-2026?fbclid=IwY2xjawRLfRdleHRuA2FlbQIxMABicmlkETBxMDRXZG94MUNSWUZyNjRmc3J0YwZhcHBfaWQQMjIyMDM5MTc4ODIwMDg5MgABHmFegS1u4KmvRajXcF5YhRINfzHjgS4Ou99UXLTAgAyrUul5LK_1mdVn5nQ5_aem_iZGVbC-NMXtVzMD-s5gJew\" target=\"_blank\" rel=\"noopener\">Tov\u00e1bbi inform\u00e1ci\u00f3k<\/a><\/p>\n\n\n\n<p><strong><img loading=\"lazy\" decoding=\"async\" height=\"16\" width=\"16\" src=\"https:\/\/static.xx.fbcdn.net\/images\/emoji.php\/v9\/t28\/3\/16\/1f332.png\" alt=\"\ud83c\udf32\"> Felh\u00edv\u00e1s az erd\u00e9szeti int\u00e9zked\u00e9sekhez kapcsol\u00f3d\u00f3 k\u00f6zvetlen t\u00e1mogat\u00e1sokra a 2026-os \u00e9vre.<\/strong><\/p>\n\n\n\n<p><a href=\"https:\/\/www.apa.sk\/vyzvy\/vyzva-vyzva-na-predkladanie-samostatnych-ziadosti-o-priame-podpory-na-lesnicke-opatrenia-na-0?fbclid=IwY2xjawRLfVJleHRuA2FlbQIxMABicmlkETBxMDRXZG94MUNSWUZyNjRmc3J0YwZhcHBfaWQQMjIyMDM5MTc4ODIwMDg5MgABHp_DxSu1RuqBvkCz1YIx4hvHN2D40tXHRSWToq_UJO9qPtgx2z2M0IDMF4s-_aem_2SaLPhZPDwTbOQ8XlSTSnA\" data-type=\"link\" data-id=\"https:\/\/www.apa.sk\/vyzvy\/vyzva-vyzva-na-predkladanie-samostatnych-ziadosti-o-priame-podpory-na-lesnicke-opatrenia-na-0?fbclid=IwY2xjawRLfVJleHRuA2FlbQIxMABicmlkETBxMDRXZG94MUNSWUZyNjRmc3J0YwZhcHBfaWQQMjIyMDM5MTc4ODIwMDg5MgABHp_DxSu1RuqBvkCz1YIx4hvHN2D40tXHRSWToq_UJO9qPtgx2z2M0IDMF4s-_aem_2SaLPhZPDwTbOQ8XlSTSnA\" target=\"_blank\" rel=\"noopener\">Tov\u00e1bbi inform\u00e1ci\u00f3k<\/a><\/p>\n\n\n\n<p><strong><img loading=\"lazy\" decoding=\"async\" height=\"16\" width=\"16\" src=\"https:\/\/static.xx.fbcdn.net\/images\/emoji.php\/v9\/tdb\/3\/16\/1f33e.png\" alt=\"\ud83c\udf3e\"> Felh\u00edv\u00e1s az egys\u00e9ges ter\u00fcletalap\u00fa k\u00e9relem beny\u00fajt\u00e1s\u00e1ra a 2026-os \u00e9vre.<\/strong><\/p>\n\n\n\n<p><a href=\"https:\/\/www.apa.sk\/vyzvy\/vyzva-vyzva-na-predkladanie-jednotnej-ziadosti-na-rok-2026?fbclid=IwY2xjawRLfVNleHRuA2FlbQIxMABicmlkETBxMDRXZG94MUNSWUZyNjRmc3J0YwZhcHBfaWQQMjIyMDM5MTc4ODIwMDg5MgABHoHwqBFFYqv8ejWCCfxXnHsAmqlASwg6xhkgFRkXO4xWsZM9siFEWSc0Opcx_aem_RSmb81lxNxcTh6tURPWvaQ\" data-type=\"link\" data-id=\"https:\/\/www.apa.sk\/vyzvy\/vyzva-vyzva-na-predkladanie-jednotnej-ziadosti-na-rok-2026?fbclid=IwY2xjawRLfVNleHRuA2FlbQIxMABicmlkETBxMDRXZG94MUNSWUZyNjRmc3J0YwZhcHBfaWQQMjIyMDM5MTc4ODIwMDg5MgABHoHwqBFFYqv8ejWCCfxXnHsAmqlASwg6xhkgFRkXO4xWsZM9siFEWSc0Opcx_aem_RSmb81lxNxcTh6tURPWvaQ\" target=\"_blank\" rel=\"noopener\">Tov\u00e1bbi inform\u00e1ci\u00f3k<\/a><\/p>\n\n\n\n<p><strong>A k\u00e9relmek kiz\u00e1r\u00f3lag elektronikus \u00faton, a <a href=\"https:\/\/l.facebook.com\/l.php?u=http%3A%2F%2FSlovensko.sk%2F%3Ffbclid%3DIwZXh0bgNhZW0CMTAAYnJpZBEwcTA0V2RveDFDUllGcjY0ZnNydGMGYXBwX2lkEDIyMjAzOTE3ODgyMDA4OTIAAR7yhMs5j2s63rqNe3t2XwIos1WDTYiRusidL-cI1sK8ll5E3pnHkMvnWxelQA_aem_lCfGhRJ5zeMKhOJukIgCOg&amp;h=AT7OsEasXgNy1Cb6pH2vDDj63uQXZitZQrkY6qzD6dpXcVuV6xo0ZjuocE8ZpQuXecHqm_G5gLuORG5CS_NINmXSzhjYV8wFi2BqhwckeLLuHq4TADlvNAf9Uvyrv42_YXMhCFajFo9pBudZ5g&amp;__tn__=-UK-R&amp;c[0]=AT4pwH6SY4b9-KB-h-U1ZDVDDPQCAuWrOVfpY-PxBGY8lGZMuW68-WsNvku7oSpfTzwJSliXIKOukDQ_lXKf3n5VZEO0XIHm8LVsj6tQcLTLJJ6bBzIIzVpHHVcB6lEUHNZPluxmGax2xAaWK-v7DASzcF_CIs4JIR_kHscqa75ER8Ou_Xx0R5VEmcMKD6In4P-3z88eaJc5g9pxSKz5FJJNU_JQxw\" target=\"_blank\" rel=\"noreferrer noopener\">Slovensko.sk<\/a> webport\u00e1lon kereszt\u00fcl ny\u00fajthat\u00f3k be.<\/strong><\/p>\n","protected":false},"excerpt":{"rendered":"<p>A PPA k\u00f6zz\u00e9 tette a 2026-os \u00e9vre sz\u00f3l\u00f3 aktu\u00e1lis felh\u00edv\u00e1sokat az al\u00e1bbi k\u00e9relmezhet\u0151 t\u00e1mogat\u00e1sokra: Felh\u00edv\u00e1s az \u00e1llategys\u00e9g ut\u00e1n j\u00e1r\u00f3 k\u00f6zvetlen t\u00e1mogat\u00e1sokra a 2026-os \u00e9vre. Tov\u00e1bbi inform\u00e1ci\u00f3k Felh\u00edv\u00e1s az erd\u00e9szeti int\u00e9zked\u00e9sekhez [&hellip;]<\/p>\n","protected":false},"author":2,"featured_media":1258,"comment_status":"closed","ping_status":"closed","sticky":false,"template":"","format":"standard","meta":{"_acf_changed":false,"pmpro_default_level":"","inline_featured_image":false,"footnotes":""},"categories":[100],"tags":[],"class_list":["post-1814","post","type-post","status-publish","format-standard","has-post-thumbnail","hentry","category-hirek","pmpro-has-access"],"acf":[],"_links":{"self":[{"href":"https:\/\/falugazdasz.sk\/hu\/wp-json\/wp\/v2\/posts\/1814","targetHints":{"allow":["GET"]}}],"collection":[{"href":"https:\/\/falugazdasz.sk\/hu\/wp-json\/wp\/v2\/posts"}],"about":[{"href":"https:\/\/falugazdasz.sk\/hu\/wp-json\/wp\/v2\/types\/post"}],"author":[{"embeddable":true,"href":"https:\/\/falugazdasz.sk\/hu\/wp-json\/wp\/v2\/users\/2"}],"replies":[{"embeddable":true,"href":"https:\/\/falugazdasz.sk\/hu\/wp-json\/wp\/v2\/comments?post=1814"}],"version-history":[{"count":5,"href":"https:\/\/falugazdasz.sk\/hu\/wp-json\/wp\/v2\/posts\/1814\/revisions"}],"predecessor-version":[{"id":1834,"href":"https:\/\/falugazdasz.sk\/hu\/wp-json\/wp\/v2\/posts\/1814\/revisions\/1834"}],"wp:featuredmedia":[{"embeddable":true,"href":"https:\/\/falugazdasz.sk\/hu\/wp-json\/wp\/v2\/media\/1258"}],"wp:attachment":[{"href":"https:\/\/falugazdasz.sk\/hu\/wp-json\/wp\/v2\/media?parent=1814"}],"wp:term":[{"taxonomy":"category","embeddable":true,"href":"https:\/\/falugazdasz.sk\/hu\/wp-json\/wp\/v2\/categories?post=1814"},{"taxonomy":"post_tag","embeddable":true,"href":"https:\/\/falugazdasz.sk\/hu\/wp-json\/wp\/v2\/tags?post=1814"}],"curies":[{"name":"wp","href":"https:\/\/api.w.org\/{rel}","templated":true}]}}