{"id":489,"date":"2025-10-01T13:54:47","date_gmt":"2025-10-01T11:54:47","guid":{"rendered":"https:\/\/falugazdasz.sk\/?p=489"},"modified":"2025-10-07T11:07:35","modified_gmt":"2025-10-07T09:07:35","slug":"ppa-predlzeny-termin-pre-podporu-poistneho","status":"publish","type":"post","link":"https:\/\/falugazdasz.sk\/hu\/ppa-predlzeny-termin-pre-podporu-poistneho\/","title":{"rendered":"PPA: Meghosszabb\u00edtott hat\u00e1rid\u0151 a biztos\u00edt\u00e1si t\u00e1mogat\u00e1sra"},"content":{"rendered":"\n<p>A Mez\u0151gazdas\u00e1gi Kifizet\u0151 \u00dcgyn\u00f6ks\u00e9g (PPA) a Szlov\u00e1k K\u00f6zt\u00e1rsas\u00e1g Mez\u0151gazdas\u00e1gi \u00e9s Vid\u00e9kfejleszt\u00e9si Miniszt\u00e9rium\u00e1nak j\u00f3v\u00e1hagy\u00e1sa alapj\u00e1n <strong>meghosszabb\u00edtja a k\u00e9relmek beny\u00fajt\u00e1s\u00e1nak hat\u00e1ridej\u00e9t<\/strong> a mez\u0151gazdas\u00e1gi biztos\u00edt\u00e1si rendszerekhez kapcsol\u00f3d\u00f3 <strong>kereskedelmi biztos\u00edt\u00e1si t\u00e1mogat\u00e1sokra<\/strong> vonatkoz\u00f3an. Az \u00fcgyn\u00f6ks\u00e9g ezzel a l\u00e9p\u00e9ssel a k\u00e9relmez\u0151k \u00e9s a Szlov\u00e1k Mez\u0151gazdas\u00e1gi \u00e9s \u00c9lelmiszer-ipari Kamara k\u00e9r\u00e9s\u00e9nek is eleget tesz.<\/p>\n\n\n\n<p>\u201eA hat\u00e1rid\u0151 meghosszabb\u00edt\u00e1s\u00e1val t\u00f6bb szakmai szervezet k\u00e9r\u00e9s\u00e9re reag\u00e1lunk. A Mez\u0151gazdas\u00e1gi Kifizet\u0151 \u00dcgyn\u00f6ks\u00e9g c\u00e9lja, hogy a k\u00e9relmez\u0151knek kedvez\u0151 felt\u00e9teleket biztos\u00edtson, \u00e9s a rendelkez\u00e9sre \u00e1ll\u00f3 forr\u00e1sokat teljes m\u00e9rt\u00e9kben sz\u00e9tossza. Az elm\u00falt \u00e9vekben a biztos\u00edt\u00e1si t\u00e1mogat\u00e1s m\u00e1s rendszerben, m\u00e1s informatikai platformon kereszt\u00fcl m\u0171k\u00f6d\u00f6tt, \u00e9s meg\u00e9rtj\u00fck, hogy az \u00faj informatikai rendszerre val\u00f3 \u00e1t\u00e1ll\u00e1s egyes k\u00e9relmez\u0151k sz\u00e1m\u00e1ra neh\u00e9zs\u00e9get okozhat\u201d \u2013 foglalta \u00f6ssze <strong>Marek \u010cepko<\/strong>, a Mez\u0151gazdas\u00e1gi Kifizet\u0151 \u00dcgyn\u00f6ks\u00e9g f\u0151igazgat\u00f3ja.<\/p>\n\n\n\n<p>A PPA meghosszabb\u00edtja a k\u00e9relmek beny\u00fajt\u00e1si hat\u00e1ridej\u00e9t az <strong>1\/SP\/2025 sz\u00e1m\u00fa felh\u00edv\u00e1s<\/strong> eset\u00e9ben, amely az \u00faj, <strong>2023\u20132027-es K\u00f6z\u00f6s Agr\u00e1rpolitikai Strat\u00e9giai Terv Program<\/strong> els\u0151 felh\u00edv\u00e1sa.<br>A <strong>mez\u0151gazdas\u00e1gi biztos\u00edt\u00e1si rendszerekhez kapcsol\u00f3d\u00f3 kereskedelmi biztos\u00edt\u00e1si t\u00e1mogat\u00e1sokra<\/strong> ir\u00e1nyul\u00f3 k\u00e9relmeket a gazd\u00e1lkod\u00f3k az \u00faj <strong>ISPP23plus inform\u00e1ci\u00f3s rendszerben<\/strong> <strong>2025. okt\u00f3ber 31-ig<\/strong> ny\u00fajthatj\u00e1k be.<\/p>\n\n\n\n<div class=\"wp-block-buttons is-layout-flex wp-block-buttons-is-layout-flex\">\n<div class=\"wp-block-button\"><a class=\"wp-block-button__link wp-element-button\" href=\"https:\/\/www.apa.sk\/projektove-podpory\/sp-spp-vyzvy\/vyzva-1sp2025-761\/aktualizacia-c2-vyzva-1sp2025-761\" target=\"_blank\" rel=\"noopener\">2. Aktualiz\u00e1ci\u00f3: Felh\u00edv\u00e1s 1\/SP\/2025-76.1<\/a><\/div>\n<\/div>\n\n\n\n<p>Forr\u00e1s: <a href=\"https:\/\/www.apa.sk\/ppa-predlzeny-termin-pre-podporu-poistneho\" data-type=\"link\" data-id=\"https:\/\/www.apa.sk\/ppa-predlzeny-termin-pre-podporu-poistneho\" target=\"_blank\" rel=\"noopener\">PPA<\/a><\/p>\n","protected":false},"excerpt":{"rendered":"<p>A Mez\u0151gazdas\u00e1gi Kifizet\u0151 \u00dcgyn\u00f6ks\u00e9g (PPA) a Szlov\u00e1k K\u00f6zt\u00e1rsas\u00e1g Mez\u0151gazdas\u00e1gi \u00e9s Vid\u00e9kfejleszt\u00e9si Miniszt\u00e9rium\u00e1nak j\u00f3v\u00e1hagy\u00e1sa alapj\u00e1n meghosszabb\u00edtja a k\u00e9relmek beny\u00fajt\u00e1s\u00e1nak hat\u00e1ridej\u00e9t a mez\u0151gazdas\u00e1gi biztos\u00edt\u00e1si rendszerekhez kapcsol\u00f3d\u00f3 kereskedelmi biztos\u00edt\u00e1si t\u00e1mogat\u00e1sokra vonatkoz\u00f3an. Az \u00fcgyn\u00f6ks\u00e9g [&hellip;]<\/p>\n","protected":false},"author":2,"featured_media":0,"comment_status":"closed","ping_status":"closed","sticky":false,"template":"","format":"standard","meta":{"_acf_changed":false,"pmpro_default_level":"","inline_featured_image":false,"footnotes":""},"categories":[100],"tags":[],"class_list":["post-489","post","type-post","status-publish","format-standard","hentry","category-hirek","pmpro-has-access"],"acf":[],"_links":{"self":[{"href":"https:\/\/falugazdasz.sk\/hu\/wp-json\/wp\/v2\/posts\/489","targetHints":{"allow":["GET"]}}],"collection":[{"href":"https:\/\/falugazdasz.sk\/hu\/wp-json\/wp\/v2\/posts"}],"about":[{"href":"https:\/\/falugazdasz.sk\/hu\/wp-json\/wp\/v2\/types\/post"}],"author":[{"embeddable":true,"href":"https:\/\/falugazdasz.sk\/hu\/wp-json\/wp\/v2\/users\/2"}],"replies":[{"embeddable":true,"href":"https:\/\/falugazdasz.sk\/hu\/wp-json\/wp\/v2\/comments?post=489"}],"version-history":[{"count":5,"href":"https:\/\/falugazdasz.sk\/hu\/wp-json\/wp\/v2\/posts\/489\/revisions"}],"predecessor-version":[{"id":692,"href":"https:\/\/falugazdasz.sk\/hu\/wp-json\/wp\/v2\/posts\/489\/revisions\/692"}],"wp:attachment":[{"href":"https:\/\/falugazdasz.sk\/hu\/wp-json\/wp\/v2\/media?parent=489"}],"wp:term":[{"taxonomy":"category","embeddable":true,"href":"https:\/\/falugazdasz.sk\/hu\/wp-json\/wp\/v2\/categories?post=489"},{"taxonomy":"post_tag","embeddable":true,"href":"https:\/\/falugazdasz.sk\/hu\/wp-json\/wp\/v2\/tags?post=489"}],"curies":[{"name":"wp","href":"https:\/\/api.w.org\/{rel}","templated":true}]}}