{"id":610,"date":"2025-09-05T20:06:54","date_gmt":"2025-09-05T18:06:54","guid":{"rendered":"https:\/\/falugazdasz.sk\/valtozas-a-falugazdasz-program-koordinaciojaban-uj-lendulet-a-gazdak-szolgalataban\/"},"modified":"2025-10-05T17:31:19","modified_gmt":"2025-10-05T15:31:19","slug":"valtozas-a-falugazdasz-program-koordinaciojaban-uj-lendulet-a-gazdak-szolgalataban","status":"publish","type":"post","link":"https:\/\/falugazdasz.sk\/hu\/valtozas-a-falugazdasz-program-koordinaciojaban-uj-lendulet-a-gazdak-szolgalataban\/","title":{"rendered":"V\u00e1ltoz\u00e1s a Falugazd\u00e1sz Program koordin\u00e1ci\u00f3j\u00e1ban &#8211; \u00faj lend\u00fclet a gazd\u00e1k szolg\u00e1lat\u00e1ban"},"content":{"rendered":"\n<p>Az Agr\u00e1rminiszt\u00e9rium d\u00f6nt\u00e9se \u00e9rtelm\u00e9ben 2025. augusztus 1-j\u00e9t\u0151l a Falugazd\u00e1sz Program koordin\u00e1ci\u00f3j\u00e1t a Szlov\u00e1kiai Agr\u00e1rkamara helyett a Szlov\u00e1kiai Magyar V\u00e1llalkoz\u00f3k Sz\u00f6vets\u00e9ge vette \u00e1t, Iv\u00e1n Tam\u00e1s vezet\u00e9s\u00e9vel. A v\u00e1ltoz\u00e1s c\u00e9lja, hogy a gazd\u00e1lkod\u00f3k munk\u00e1j\u00e1t m\u00e9g hat\u00e9konyabban t\u00e1mogassuk, mik\u00f6zben \u00faj lend\u00fclettel \u00e9s friss szeml\u00e9lettel kezd\u0151dhet meg a k\u00f6z\u00f6s munka.<\/p>\n\n\n\n<p>A Szlov\u00e1kiai Agr\u00e1rkamara az elm\u00falt \u00e9vek sor\u00e1n kiemelked\u0151 szakmai munk\u00e1t v\u00e9gzett a program ir\u00e1ny\u00edt\u00e1s\u00e1ban, \u00e9s jelent\u0151s szerepet v\u00e1llalt a gazdak\u00f6z\u00f6ss\u00e9g meger\u0151s\u00edt\u00e9s\u00e9ben. Elismer\u00e9s illeti \u0151ket az eddigi eredm\u00e9nyek\u00e9rt, \u00e9s a j\u00f6v\u0151ben is sz\u00e1m\u00edtunk az egy\u00fcttm\u0171k\u00f6d\u00e9s\u00fckre, hiszen k\u00f6z\u00f6s c\u00e9lunk tov\u00e1bbra is a gazd\u00e1k \u00e9rdekeinek k\u00e9pviselete \u00e9s t\u00e1mogat\u00e1sa.<\/p>\n\n\n\n<p>A program f\u0151 feladatai nem v\u00e1ltoztak: tov\u00e1bbra is a gazd\u00e1k t\u00e1j\u00e9koztat\u00e1sa, szakmai tan\u00e1csad\u00e1s, p\u00e1ly\u00e1zati lehet\u0151s\u00e9gek ismertet\u00e9se, valamint a termel\u00e9shez, feldolgoz\u00e1shoz \u00e9s \u00e9rt\u00e9kes\u00edt\u00e9shez kapcsol\u00f3d\u00f3 gyakorlati seg\u00edts\u00e9gny\u00fajt\u00e1s \u00e1llt a k\u00f6z\u00e9ppontban. A falugazd\u00e1szok t\u00e1mogatj\u00e1k a gazd\u00e1kat az adminisztrat\u00edv \u00fcgyint\u00e9z\u00e9sben, a t\u00e9rinformatikai k\u00e9relmek elk\u00e9sz\u00edt\u00e9s\u00e9ben, \u00e9s k\u00f6zvet\u00edt\u0151 szerepet t\u00f6ltenek be az illet\u00e9kes int\u00e9zm\u00e9nyek \u00e9s szakmai szervezetek fel\u00e9.<\/p>\n\n\n\n<p>Hamarosan el\u00e9rhet\u0151 lesz al\u00e1bbi\u00a0weboldalunk, ahol minden inform\u00e1ci\u00f3t megtal\u00e1lhatnak az aktualit\u00e1sokat illet\u0151en: <a href=\"http:\/\/www.falugazdasz.sk\" data-type=\"link\" data-id=\"www.falugazdasz.sk\">www.falugazdasz.sk<\/a> .<\/p>\n\n\n\n<p>Az \u00faj koordin\u00e1ci\u00f3s strukt\u00fara lehet\u0151s\u00e9get teremt arra, hogy a Falugazd\u00e1sz Program m\u00e9g hat\u00e9konyabban szolg\u00e1lja a felvid\u00e9ki gazd\u00e1k \u00e9rdekeit \u00e9s a v\u00e1llalkoz\u00f3i szeml\u00e9let el\u0151t\u00e9rbe helyez\u00e9s\u00e9vel hozz\u00e1j\u00e1ruljon a gazdak\u00f6z\u00f6ss\u00e9g j\u00f3l\u00e9t\u00e9hez \u00e9s meger\u0151s\u00f6d\u00e9s\u00e9hez.<\/p>\n\n\n\n<p><strong>Ing. Pecs\u00e9rke Andreas \u2013 F\u0151 Falugazd\u00e1sz\u00a0\u00a0\u00a0\u00a0\u00a0\u00a0\u00a0\u00a0\u00a0\u00a0\u00a0\u00a0\u00a0\u00a0 \u00a0\u00a0\u00a0\u00a0\u00a0\u00a0\u00a0\u00a0 \u00a0\u00a0\u00a0 <br><\/strong>Kelt: Szalatnya, 2025.09.05.<\/p>\n","protected":false},"excerpt":{"rendered":"<p>Az Agr\u00e1rminiszt\u00e9rium d\u00f6nt\u00e9se \u00e9rtelm\u00e9ben 2025. augusztus 1-j\u00e9t\u0151l a Falugazd\u00e1sz Program koordin\u00e1ci\u00f3j\u00e1t a Szlov\u00e1kiai Agr\u00e1rkamara helyett a Szlov\u00e1kiai Magyar V\u00e1llalkoz\u00f3k Sz\u00f6vets\u00e9ge vette \u00e1t, Iv\u00e1n Tam\u00e1s vezet\u00e9s\u00e9vel. A v\u00e1ltoz\u00e1s c\u00e9lja, hogy a [&hellip;]<\/p>\n","protected":false},"author":2,"featured_media":274,"comment_status":"closed","ping_status":"closed","sticky":false,"template":"","format":"standard","meta":{"_acf_changed":false,"pmpro_default_level":"","inline_featured_image":false,"footnotes":""},"categories":[100],"tags":[],"class_list":["post-610","post","type-post","status-publish","format-standard","has-post-thumbnail","hentry","category-hirek","pmpro-has-access"],"acf":[],"_links":{"self":[{"href":"https:\/\/falugazdasz.sk\/hu\/wp-json\/wp\/v2\/posts\/610","targetHints":{"allow":["GET"]}}],"collection":[{"href":"https:\/\/falugazdasz.sk\/hu\/wp-json\/wp\/v2\/posts"}],"about":[{"href":"https:\/\/falugazdasz.sk\/hu\/wp-json\/wp\/v2\/types\/post"}],"author":[{"embeddable":true,"href":"https:\/\/falugazdasz.sk\/hu\/wp-json\/wp\/v2\/users\/2"}],"replies":[{"embeddable":true,"href":"https:\/\/falugazdasz.sk\/hu\/wp-json\/wp\/v2\/comments?post=610"}],"version-history":[{"count":3,"href":"https:\/\/falugazdasz.sk\/hu\/wp-json\/wp\/v2\/posts\/610\/revisions"}],"predecessor-version":[{"id":658,"href":"https:\/\/falugazdasz.sk\/hu\/wp-json\/wp\/v2\/posts\/610\/revisions\/658"}],"wp:featuredmedia":[{"embeddable":true,"href":"https:\/\/falugazdasz.sk\/hu\/wp-json\/wp\/v2\/media\/274"}],"wp:attachment":[{"href":"https:\/\/falugazdasz.sk\/hu\/wp-json\/wp\/v2\/media?parent=610"}],"wp:term":[{"taxonomy":"category","embeddable":true,"href":"https:\/\/falugazdasz.sk\/hu\/wp-json\/wp\/v2\/categories?post=610"},{"taxonomy":"post_tag","embeddable":true,"href":"https:\/\/falugazdasz.sk\/hu\/wp-json\/wp\/v2\/tags?post=610"}],"curies":[{"name":"wp","href":"https:\/\/api.w.org\/{rel}","templated":true}]}}