{"id":744,"date":"2025-10-09T17:33:36","date_gmt":"2025-10-09T15:33:36","guid":{"rendered":"https:\/\/falugazdasz.sk\/?p=744"},"modified":"2025-10-09T18:29:51","modified_gmt":"2025-10-09T16:29:51","slug":"ekologicke-polnohospodarstvo-priamy-predaj-z-dvora-dve-sance-slovenskeho-vidieka","status":"publish","type":"post","link":"https:\/\/falugazdasz.sk\/hu\/ekologicke-polnohospodarstvo-priamy-predaj-z-dvora-dve-sance-slovenskeho-vidieka\/","title":{"rendered":"\u201e\u00d6kol\u00f3giai gazd\u00e1lkod\u00e1s + k\u00f6zvetlen h\u00e1zt\u00e1ji \u00e9rt\u00e9kes\u00edt\u00e9s = a szlov\u00e1k vid\u00e9k k\u00e9t es\u00e9lye\u201d"},"content":{"rendered":"\n<p>A <strong>Szlov\u00e1k K\u00f6zt\u00e1rsas\u00e1g Vid\u00e9kfejleszt\u00e9si Nemzeti H\u00e1l\u00f3zata<\/strong> \u00e9s a <strong>Region\u00e1lis Inform\u00e1ci\u00f3s \u00e9s Tan\u00e1csad\u00f3 K\u00f6zpont Losonc<\/strong> szeretettel megh\u00edvja \u00d6nt az inform\u00e1ci\u00f3s szemin\u00e1riumra:<br><strong>\u201e\u00d6kol\u00f3giai gazd\u00e1lkod\u00e1s + k\u00f6zvetlen h\u00e1zt\u00e1ji \u00e9rt\u00e9kes\u00edt\u00e9s = a szlov\u00e1k vid\u00e9k k\u00e9t es\u00e9lye\u201d<\/strong><\/p>\n\n\n\n<p>\ud83d\udcc5 <strong>D\u00e1tum:<\/strong> 2025. okt\u00f3ber 22. (szerda) 9:00 \u00f3r\u00e1t\u00f3l<br>\ud83d\udccd <strong>Helysz\u00edn:<\/strong> IZPI \u2013 K\u00e9pz\u00e9si K\u00f6zpont Losonc, Partiz\u00e1nska 17, 984 01 Lu\u010denec<br>\ud83d\udc69\u200d\ud83c\udfeb <strong>El\u0151ad\u00f3:<\/strong> Zuzana Homolov\u00e1<\/p>\n\n\n\n<p>K\u00e9rj\u00fck, t\u00f6ltse ki a <strong>regisztr\u00e1ci\u00f3s \u0171rlapot<\/strong> (a r\u00e9sztvev\u0151k maxim\u00e1lis sz\u00e1ma 25 f\u0151) <strong>2025. okt\u00f3ber 20-\u00e1n 9:00 \u00f3r\u00e1ig:<\/strong><\/p>\n\n\n\n<div class=\"wp-block-buttons is-layout-flex wp-block-buttons-is-layout-flex\">\n<div class=\"wp-block-button\"><a class=\"wp-block-button__link wp-element-button\" href=\"https:\/\/regionalne-informacno-poradenske-pracovisko-zvolen.reenio.sk\/sk\/term\/P1328411\/2025-10-22;viewMode=day?fbclid=IwZXh0bgNhZW0CMTAAYnJpZBEwZVZBTTlnSEZyZ3RxcnNLZwEeIjGseI0zHQ9L2gwVagPebOXpuA2NaDojkiBYymhO9moskMkZKn2z0TZf1Yg_aem_F9Ksdretgpvo3Wj5RLsuVQ\" target=\"_blank\" rel=\"noopener\">Regisztr\u00e1ci\u00f3<\/a><\/div>\n<\/div>\n\n\n\n<p><\/p>\n\n\n\n<p><strong>A kit\u00f6lt\u00e9s sor\u00e1n k\u00e9rj\u00fck, kattintson a <strong>\u201e+ MEGJEGYZ\u00c9S HOZZ\u00c1AD\u00c1SA\u201d<\/strong> hivatkoz\u00e1sra, \u00e9s a <strong>\u201eMegjegyz\u00e9s\u201d<\/strong> mez\u0151be \u00edrja be annak a szervezetnek a <strong>nev\u00e9t \u00e9s I\u010cO-j\u00e1t (c\u00e9gazonos\u00edt\u00f3j\u00e1t)<\/strong>, amelynek k\u00e9pviselet\u00e9ben r\u00e9szt vesz a szemin\u00e1riumon. K\u00f6sz\u00f6nj\u00fck!<\/strong><\/p>\n\n\n<div class=\"wp-block-image\">\n<figure class=\"aligncenter size-large\"><img loading=\"lazy\" decoding=\"async\" width=\"724\" height=\"1024\" src=\"https:\/\/falugazdasz.sk\/wp-content\/uploads\/2025\/10\/558875171_4077253132591135_6577309252404033424_n-724x1024.jpg\" alt=\"\" class=\"wp-image-747\" srcset=\"https:\/\/falugazdasz.sk\/wp-content\/uploads\/2025\/10\/558875171_4077253132591135_6577309252404033424_n-724x1024.jpg 724w, https:\/\/falugazdasz.sk\/wp-content\/uploads\/2025\/10\/558875171_4077253132591135_6577309252404033424_n-212x300.jpg 212w, https:\/\/falugazdasz.sk\/wp-content\/uploads\/2025\/10\/558875171_4077253132591135_6577309252404033424_n-768x1086.jpg 768w, https:\/\/falugazdasz.sk\/wp-content\/uploads\/2025\/10\/558875171_4077253132591135_6577309252404033424_n-1086x1536.jpg 1086w, https:\/\/falugazdasz.sk\/wp-content\/uploads\/2025\/10\/558875171_4077253132591135_6577309252404033424_n.jpg 1241w\" sizes=\"auto, (max-width: 724px) 100vw, 724px\" \/><\/figure>\n<\/div>","protected":false},"excerpt":{"rendered":"<p>A Szlov\u00e1k K\u00f6zt\u00e1rsas\u00e1g Vid\u00e9kfejleszt\u00e9si Nemzeti H\u00e1l\u00f3zata \u00e9s a Region\u00e1lis Inform\u00e1ci\u00f3s \u00e9s Tan\u00e1csad\u00f3 K\u00f6zpont Losonc szeretettel megh\u00edvja \u00d6nt az inform\u00e1ci\u00f3s szemin\u00e1riumra:\u201e\u00d6kol\u00f3giai gazd\u00e1lkod\u00e1s + k\u00f6zvetlen h\u00e1zt\u00e1ji \u00e9rt\u00e9kes\u00edt\u00e9s = a szlov\u00e1k vid\u00e9k k\u00e9t [&hellip;]<\/p>\n","protected":false},"author":2,"featured_media":745,"comment_status":"closed","ping_status":"closed","sticky":false,"template":"","format":"standard","meta":{"_acf_changed":false,"pmpro_default_level":"","inline_featured_image":false,"footnotes":""},"categories":[100],"tags":[],"class_list":["post-744","post","type-post","status-publish","format-standard","has-post-thumbnail","hentry","category-hirek","pmpro-has-access"],"acf":[],"_links":{"self":[{"href":"https:\/\/falugazdasz.sk\/hu\/wp-json\/wp\/v2\/posts\/744","targetHints":{"allow":["GET"]}}],"collection":[{"href":"https:\/\/falugazdasz.sk\/hu\/wp-json\/wp\/v2\/posts"}],"about":[{"href":"https:\/\/falugazdasz.sk\/hu\/wp-json\/wp\/v2\/types\/post"}],"author":[{"embeddable":true,"href":"https:\/\/falugazdasz.sk\/hu\/wp-json\/wp\/v2\/users\/2"}],"replies":[{"embeddable":true,"href":"https:\/\/falugazdasz.sk\/hu\/wp-json\/wp\/v2\/comments?post=744"}],"version-history":[{"count":6,"href":"https:\/\/falugazdasz.sk\/hu\/wp-json\/wp\/v2\/posts\/744\/revisions"}],"predecessor-version":[{"id":762,"href":"https:\/\/falugazdasz.sk\/hu\/wp-json\/wp\/v2\/posts\/744\/revisions\/762"}],"wp:featuredmedia":[{"embeddable":true,"href":"https:\/\/falugazdasz.sk\/hu\/wp-json\/wp\/v2\/media\/745"}],"wp:attachment":[{"href":"https:\/\/falugazdasz.sk\/hu\/wp-json\/wp\/v2\/media?parent=744"}],"wp:term":[{"taxonomy":"category","embeddable":true,"href":"https:\/\/falugazdasz.sk\/hu\/wp-json\/wp\/v2\/categories?post=744"},{"taxonomy":"post_tag","embeddable":true,"href":"https:\/\/falugazdasz.sk\/hu\/wp-json\/wp\/v2\/tags?post=744"}],"curies":[{"name":"wp","href":"https:\/\/api.w.org\/{rel}","templated":true}]}}