{"id":811,"date":"2025-10-15T10:30:09","date_gmt":"2025-10-15T08:30:09","guid":{"rendered":"https:\/\/falugazdasz.sk\/?p=811"},"modified":"2025-10-15T10:51:45","modified_gmt":"2025-10-15T08:51:45","slug":"videk-jovoje-jovo-videke-szakmai-forum-makrancon","status":"publish","type":"post","link":"https:\/\/falugazdasz.sk\/hu\/videk-jovoje-jovo-videke-szakmai-forum-makrancon\/","title":{"rendered":",,VID\u00c9K J\u00d6V\u0150JE-J\u00d6V\u0150 VID\u00c9KE\u00b4\u00b4- Szakmai f\u00f3rum Makrancon"},"content":{"rendered":"\n<p>2025. okt\u00f3ber 7-\u00e9n, kedden ker\u00fclt megrendez\u00e9sre a <strong>\u201eVid\u00e9k j\u00f6v\u0151je-j\u00f6v\u0151 vid\u00e9ke\u201d<\/strong> c\u00edm\u0171 mez\u0151gazdas\u00e1gi szakmai f\u00f3rum Makrancon, a CED K\u00f6z\u00e9p-eur\u00f3pai Gazdas\u00e1gfejleszt\u00e9si H\u00e1l\u00f3zat Nonprofit Kft. kassai region\u00e1lis k\u00e9pviselete szervez\u00e9s\u00e9ben partners\u00e9gben Magyarorsz\u00e1g Kassai\u00a0F\u0151konzul\u00e1tus\u00e1val \u00e9s Felvid\u00e9ki Falugazd\u00e1sz H\u00e1l\u00f3zattal.<\/p>\n\n\n\n<p>A mez\u0151gazdas\u00e1gra f\u00f3kusz\u00e1l\u00f3 esem\u00e9ny keret\u00e9ben a r\u00e9sztvev\u0151k \u00e1tfog\u00f3 t\u00e1j\u00e9koztat\u00e1st kaptak t\u00f6bbek k\u00f6z\u00f6tt a <strong>CED K\u00f6z\u00e9p-eur\u00f3pai Gazdas\u00e1gfejleszt\u00e9si H\u00e1l\u00f3zat Nonprofit Kft. <\/strong>sz\u00e9lesk\u00f6r\u0171 szolg\u00e1ltat\u00e1si portf\u00f3li\u00f3j\u00e1r\u00f3l, az\u00a0Interreg\u00a0HUSK 2021-27 hat\u00e1rmenti egy\u00fcttm\u0171k\u00f6d\u00e9si program ny\u00fajtotta lehet\u0151s\u00e9gekr\u0151l,\u00a0bemutat\u00e1sra ker\u00fclt \u00a0a\u00a0Szlov\u00e1kiai Magyar V\u00e1llalkoz\u00f3k Sz\u00f6vets\u00e9ge \u00e1ltal m\u0171k\u00f6dtetett falugazd\u00e1sz program, amit <strong>Pecs\u00e9rke Andreas f\u0151 falugazd\u00e1sz<\/strong> mutatott be. Azt k\u00f6vet\u0151en <strong>Burkus Imre\u00a0 a\u00a0r\u00e9gi\u00f3 falugazd\u00e1sza<\/strong> r\u00f6vid t\u00e1j\u00e9koztat\u00e1st ny\u00fajtott az \u00a0agr\u00e1rium aktu\u00e1lis\u00a0helyzet\u00e9r\u0151l \u00e9s\u00a0p\u00e1ly\u00e1zati lehet\u0151s\u00e9geir\u0151l. <\/p>\n\n\n\n<p>A\u00a0rendezv\u00e9nyen t\u00f6bb magyarosz\u00e1gi c\u00e9g mutatta be v\u00e1llalkoz\u00e1s\u00e1t:<\/p>\n\n\n\n<ul class=\"wp-block-list\">\n<li><strong>MVM M\u00e1tra Energia Zrt.<\/strong> k\u00e9pvisel\u0151je\u00a0a lignit mez\u0151gazdas\u00e1gi c\u00e9l\u00fa felhaszn\u00e1l\u00e1s\u00e1nak lehet\u0151s\u00e9geir\u0151l,<\/li>\n\n\n\n<li><strong>Sinte Group c\u00e9gcsoport<\/strong>, mely a takarm\u00e1nykever\u0151 \u00fczemek, term\u00e9nytiszt\u00edt\u00f3, term\u00e9nysz\u00e1r\u00edt\u00f3k r\u00e9sz\u00e9re k\u00edn\u00e1l egy\u00fcttm\u0171k\u00f6d\u00e9si lehet\u0151s\u00e9get, <\/li>\n\n\n\n<li><strong>METRIPOND PLUS M\u00e9rlegtechnika Kft.<\/strong> m\u00e9rlegek \u00e9s csomagol\u00f3g\u00e9pek gy\u00e1rt\u00e1s\u00e1val foglalkozik.<\/li>\n\n\n\n<li><strong>VulcanAgro Kft.<\/strong> a t\u00e1panyag ut\u00e1np\u00f3tl\u00e1ssal kapcsolatban<\/li>\n\n\n\n<li><strong>Mertcontrol HL-LAB Kft.<\/strong> pedig\u00a0talajminta vizsg\u00e1lattal kapcsolatban ny\u00fajtott r\u00e9szletes szakmai t\u00e1j\u00e9koztat\u00e1st.<\/li>\n<\/ul>\n\n\n\n<p>Ezen t\u00falmen\u0151en lehet\u0151s\u00e9g\u00fck ny\u00edlott a\u00a0gazd\u00e1lkod\u00f3knak \u00a0szem\u00e9lyes \u00fczleti t\u00e1rgyal\u00e1sok lefolytat\u00e1s\u00e1ra, tov\u00e1bb\u00e1 a CED K\u00f6z\u00e9p-eur\u00f3pai Gazdas\u00e1gfejleszt\u00e9si H\u00e1l\u00f3zat Nonprofit Kft. k\u00e9pvisel\u0151ivel t\u00f6rt\u00e9n\u0151 c\u00e9gre szabott konzult\u00e1ci\u00f3kra. Az el\u0151ad\u00e1sokat k\u00f6tetlen besz\u00e9lget\u00e9sek k\u00f6vett\u00e9k a jelen l\u00e9v\u0151 mez\u0151gazd\u00e1szok, v\u00e1llalati k\u00e9pvisel\u0151k \u00e9s falugazd\u00e1szok k\u00f6z\u00f6tt.\u00a0 A rendezv\u00e9nyen k\u00f6zel 60 \u00e9rdekl\u0151d\u0151 vett r\u00e9szt.<\/p>\n\n\n\n<p><strong>Ing. Burkus Imre &#8211; Falugazd\u00e1sz<br><\/strong><br><em>Fot\u00f3k: Szalay G\u00e1bor, Pecs\u00e9rke Andreas, CED Facebook oldala<\/em><\/p>\n\n\n<div class=\"rl-gallery-container rl-loading\" id=\"rl-gallery-container-1\" data-gallery_id=\"813\"> <div class=\"rl-gallery rl-basicgrid-gallery \" id=\"rl-gallery-1\" data-gallery_no=\"1\"> <div class=\"rl-gallery-item\"><a href=\"https:\/\/falugazdasz.sk\/wp-content\/uploads\/2025\/10\/Kep1.jpg\" title=\"\" data-rl_title=\"\" class=\"rl-gallery-link\" data-rl_caption=\"\" data-rel=\"lightbox-gallery-1\"><img loading=\"lazy\" decoding=\"async\" src=\"https:\/\/falugazdasz.sk\/wp-content\/uploads\/2025\/10\/Kep1-300x225.jpg\" width=\"300\" height=\"225\" alt=\"\"\/><\/a><\/div><div class=\"rl-gallery-item\"><a href=\"https:\/\/falugazdasz.sk\/wp-content\/uploads\/2025\/10\/Kep2.jpg\" title=\"\" data-rl_title=\"\" class=\"rl-gallery-link\" data-rl_caption=\"\" data-rel=\"lightbox-gallery-1\"><img loading=\"lazy\" decoding=\"async\" src=\"https:\/\/falugazdasz.sk\/wp-content\/uploads\/2025\/10\/Kep2-225x300.jpg\" width=\"225\" height=\"300\" alt=\"\"\/><\/a><\/div><div class=\"rl-gallery-item\"><a href=\"https:\/\/falugazdasz.sk\/wp-content\/uploads\/2025\/10\/Kep3.jpg\" title=\"\" data-rl_title=\"\" class=\"rl-gallery-link\" data-rl_caption=\"\" data-rel=\"lightbox-gallery-1\"><img loading=\"lazy\" decoding=\"async\" src=\"https:\/\/falugazdasz.sk\/wp-content\/uploads\/2025\/10\/Kep3-225x300.jpg\" width=\"225\" height=\"300\" alt=\"\"\/><\/a><\/div><div class=\"rl-gallery-item\"><a href=\"https:\/\/falugazdasz.sk\/wp-content\/uploads\/2025\/10\/Kep4.jpg\" title=\"\" data-rl_title=\"\" class=\"rl-gallery-link\" data-rl_caption=\"\" data-rel=\"lightbox-gallery-1\"><img loading=\"lazy\" decoding=\"async\" src=\"https:\/\/falugazdasz.sk\/wp-content\/uploads\/2025\/10\/Kep4-300x135.jpg\" width=\"300\" height=\"135\" alt=\"\"\/><\/a><\/div> <\/div> <\/div>\n","protected":false},"excerpt":{"rendered":"<p>2025. okt\u00f3ber 7-\u00e9n, kedden ker\u00fclt megrendez\u00e9sre a \u201eVid\u00e9k j\u00f6v\u0151je-j\u00f6v\u0151 vid\u00e9ke\u201d c\u00edm\u0171 mez\u0151gazdas\u00e1gi szakmai f\u00f3rum Makrancon, a CED K\u00f6z\u00e9p-eur\u00f3pai Gazdas\u00e1gfejleszt\u00e9si H\u00e1l\u00f3zat Nonprofit Kft. kassai region\u00e1lis k\u00e9pviselete szervez\u00e9s\u00e9ben partners\u00e9gben Magyarorsz\u00e1g Kassai\u00a0F\u0151konzul\u00e1tus\u00e1val \u00e9s [&hellip;]<\/p>\n","protected":false},"author":2,"featured_media":814,"comment_status":"closed","ping_status":"closed","sticky":false,"template":"","format":"standard","meta":{"_acf_changed":false,"pmpro_default_level":"","inline_featured_image":false,"footnotes":""},"categories":[100],"tags":[],"class_list":["post-811","post","type-post","status-publish","format-standard","has-post-thumbnail","hentry","category-hirek","pmpro-has-access"],"acf":[],"_links":{"self":[{"href":"https:\/\/falugazdasz.sk\/hu\/wp-json\/wp\/v2\/posts\/811","targetHints":{"allow":["GET"]}}],"collection":[{"href":"https:\/\/falugazdasz.sk\/hu\/wp-json\/wp\/v2\/posts"}],"about":[{"href":"https:\/\/falugazdasz.sk\/hu\/wp-json\/wp\/v2\/types\/post"}],"author":[{"embeddable":true,"href":"https:\/\/falugazdasz.sk\/hu\/wp-json\/wp\/v2\/users\/2"}],"replies":[{"embeddable":true,"href":"https:\/\/falugazdasz.sk\/hu\/wp-json\/wp\/v2\/comments?post=811"}],"version-history":[{"count":6,"href":"https:\/\/falugazdasz.sk\/hu\/wp-json\/wp\/v2\/posts\/811\/revisions"}],"predecessor-version":[{"id":834,"href":"https:\/\/falugazdasz.sk\/hu\/wp-json\/wp\/v2\/posts\/811\/revisions\/834"}],"wp:featuredmedia":[{"embeddable":true,"href":"https:\/\/falugazdasz.sk\/hu\/wp-json\/wp\/v2\/media\/814"}],"wp:attachment":[{"href":"https:\/\/falugazdasz.sk\/hu\/wp-json\/wp\/v2\/media?parent=811"}],"wp:term":[{"taxonomy":"category","embeddable":true,"href":"https:\/\/falugazdasz.sk\/hu\/wp-json\/wp\/v2\/categories?post=811"},{"taxonomy":"post_tag","embeddable":true,"href":"https:\/\/falugazdasz.sk\/hu\/wp-json\/wp\/v2\/tags?post=811"}],"curies":[{"name":"wp","href":"https:\/\/api.w.org\/{rel}","templated":true}]}}