{"id":876,"date":"2025-10-28T09:29:23","date_gmt":"2025-10-28T08:29:23","guid":{"rendered":"https:\/\/falugazdasz.sk\/?p=876"},"modified":"2025-10-28T09:43:14","modified_gmt":"2025-10-28T08:43:14","slug":"tulszaporodott-vadallomany-novekvo-karok-novekvo-felelosseg-az-elelmiszer-onellatas-rejtett-ellensege","status":"publish","type":"post","link":"https:\/\/falugazdasz.sk\/hu\/tulszaporodott-vadallomany-novekvo-karok-novekvo-felelosseg-az-elelmiszer-onellatas-rejtett-ellensege\/","title":{"rendered":"T\u00falszaporodott vad\u00e1llom\u00e1ny \u2013 n\u00f6vekv\u0151 k\u00e1rok, n\u00f6vekv\u0151 felel\u0151ss\u00e9g, az \u00e9lelmiszer \u00f6nell\u00e1t\u00e1s rejtett ellens\u00e9ge"},"content":{"rendered":"\n<p>Orsz\u00e1g egyre t\u00f6bb r\u00e9sz\u00e9n f\u0151leg k\u00f6z\u00e9p \u00e9s kelet Szlov\u00e1ki\u00e1ban egyre nagyobb probl\u00e9m\u00e1t okoz a mez\u0151gazdas\u00e1gban \u00e9s erd\u00e9szetben&nbsp; a t\u00falszaporodott vad\u00e1llom\u00e1ny \u00e1ltal okozott vadk\u00e1r.<\/p>\n\n\n\n<p>A mez\u0151gazdas\u00e1gban \u00e9s erd\u00e9szetben okozott k\u00e1rok, a vad \u00e1ltal el\u0151id\u00e9zett k\u00f6zleked\u00e9si balesetek, \u00e9s a nagyvadak egyre gyakoribb megjelen\u00e9se a term\u00e9szetes \u00e9l\u0151hely\u00fck\u00f6n k\u00edv\u00fcl egy\u00e9rtelm\u0171en bizony\u00edtja, hogy a t\u00e9nyleges vad\u00e1llom\u00e1ny j\u00f3val magasabb, mint amit a vad\u00e1szati statisztik\u00e1k \u00e9s a Szlov\u00e1k K\u00f6zt\u00e1rsas\u00e1g Vadgazd\u00e1lkod\u00e1si Koncepci\u00f3ja felt\u00fcntet.<\/p>\n\n\n\n<p>A k\u00e1rok \u00e9vente legal\u00e1bb <strong>120 milli\u00f3 eur\u00f3ra<\/strong> becs\u00fclhet\u0151k. A vad\u00e1llom\u00e1ny ezzel t\u00f6bbek k\u00f6z\u00f6tt k\u00f6zvetlen egzisztenci\u00e1lis vesz\u00e9lyt jelent a gazd\u00e1lkod\u00f3kra \u00e9s sz\u0151l\u0151termel\u0151kre, a csal\u00e1dok eltart\u00f3ira, valamint k\u00f6zvetve vesz\u00e9lyezteti az orsz\u00e1g \u00e9lelmiszer-\u00f6nell\u00e1t\u00e1s\u00e1t \u00e9s az \u00f6kol\u00f3giai egyens\u00falytis. Az elszaporodott vad\u00e1llom\u00e1ny \u00e1ltal az erd\u0151kben okozott k\u00e1rok szint\u00e9n rendk\u00edv\u00fcl s\u00falyosak, \u00e9s lehetetlenn\u00e9 teszik a fiatal erd\u0151 felnevel\u00e9s\u00e9t.<\/p>\n\n\n\n<p>A&nbsp;vadk\u00e1r probl\u00e9ma egyik f\u0151 forr\u00e1sa, hogy a&nbsp; kil\u00f6v\u00e9si tervek nem a val\u00f3s \u00e1llom\u00e1nyadatokra \u00e9p\u00fclnek, \u00edgy teljes\u00edt\u00e9s\u00fck nem t\u00fckr\u00f6zi a t\u00e9nyleges helyzetet.&nbsp; Vad\u00e1szter\u00fcletek haszn\u00e1l\u00f3i sz\u00e1nd\u00e9kosan al\u00e1becs\u00fclt tavaszi \u00e1llom\u00e1nyadatok alapj\u00e1n k\u00e9sz\u00edtetik el a &nbsp;vad\u00e1szati terveket, ami ritk\u00e1n \u00e1ll k\u00f6sz\u00f6n\u0151 viszonyban a val\u00f3s\u00e1ggal. A t\u00f6rzs\u00e1llom\u00e1ny betart\u00e1sa, szinten tart\u00e1sa nem val\u00f3sul meg, \u00edgy ebb\u0151l kifoly\u00f3lag gyakorlatban sajnos sok helyen a&nbsp;vadgazd\u00e1lkod\u00e1s helyett vadszapor\u00edt\u00e1s folyik. Tisztelet azonban azoknak a vad\u00e1szszervezeteknek, amelyek felismerik a probl\u00e9ma s\u00faly\u00e1t, \u00e9s felel\u0151ss\u00e9gteljesen, a gazd\u00e1kkal egy\u00fcttm\u0171k\u00f6dve keresik a megold\u00e1st. &nbsp;A&nbsp;vadk\u00e1r egy \u00e9get\u0151 probl\u00e9ma, a f\u0151 gond hogy a nagyvad \u00e1llom\u00e1ny t\u00falaszaporodott. A vadk\u00e1rt jellemz\u0151en szarvas, vaddiszn\u00f3 sz\u00e1ml\u00e1j\u00e1ra lehet felirni, csek\u00e9lyebb m\u00e9rt\u00e9kben \u0151z, d\u00e1m, muflon okoz k\u00e1rt, esetenk\u00e9nt f\u00e1c\u00e1n \u00e9s mezei ny\u00fal.<\/p>\n\n\n\n<p>Gyakorlati v\u00e9dekez\u00e9s a&nbsp;villanyp\u00e1szor \u00e9s az \u00e1lland\u00f3 ker\u00edt\u00e9s, ami egyre t\u00f6bb helyen l\u00e1that\u00f3 orsz\u00e1gszerte,&nbsp; csak t\u00fcneti kezel\u00e9s, r\u00e9szben vagy egy\u00e1ltal\u00e1n nem ny\u00fajt segits\u00e9get, nem besz\u00e9lve hogy &nbsp;a&nbsp;beruh\u00e1z\u00e1s is jelent\u0151s k\u00f6lts\u00e9gekbe ker\u00fcl \u00e9s azt\u00e1n folyamatos javit\u00e1st \u00e9s karbantart\u00e1st ig\u00e9nyel.&nbsp; &nbsp;<\/p>\n\n\n\n<p>Az \u00faj vad\u00e1szati t\u00f6rv\u00e9nyre a vad\u00e1szati, valamint a mez\u0151gazdas\u00e1gi k\u00f6zv\u00e9lem\u00e9ny m\u00e1r \u00e9vek \u00f3ta v\u00e1r.<br>A jelenleg hat\u00e1lyos jogszab\u00e1ly 2009-ben l\u00e9pett \u00e9rv\u00e9nybe, \u00e9s az\u00f3ta t\u00f6bbsz\u00f6r m\u00f3dos\u00edtott\u00e1k. Az \u00faj t\u00f6rv\u00e9ny sz\u00fcks\u00e9gess\u00e9g\u00e9r\u0151l m\u00e1r \u00e9vek \u00f3ta besz\u00e9lnek, ami &nbsp;2026 tavasz\u00e1n ker\u00fclhet &nbsp;elfogad\u00e1sra. &nbsp;B\u00edzunk benne, hogy az \u00faj t\u00f6rv\u00e9ny olyan megold\u00e1sokat tartalmaz majd, amelyek figyelembe veszik a mez\u0151gazdas\u00e1g szempontjait is, \u00e9s igazs\u00e1gos egyens\u00falyt teremtenek a k\u00fcl\u00f6nb\u00f6z\u0151 \u00e9rdekek k\u00f6z\u00f6tt.<\/p>\n\n\n\n<p>A jelenlegi szab\u00e1lyoz\u00e1s \u00e9rtelm\u00e9ben kiemelten fontos, hogy a gazd\u00e1lkod\u00f3k a vadk\u00e1r becs\u00fclt \u00f6sszeg\u00e9t <strong>rendszeresen \u00e9s hivatalosan bejelents\u00e9k<\/strong> a vad\u00e1szt\u00e1rsulatnak, a j\u00e1r\u00e1si hivatalnak, valamint az agr\u00e1rkamar\u00e1nak. Ezzel seg\u00edtik, hogy <strong>a miniszt\u00e9rium megb\u00edzhat\u00f3, val\u00f3s adatok alapj\u00e1n hozhasson d\u00f6nt\u00e9seket a vadk\u00e1rok kezel\u00e9s\u00e9r\u0151l.<\/strong><\/p>\n\n\n\n<p><strong><em>\u00a0A k\u00e1rt\u00e9r\u00edt\u00e9si ig\u00e9ny \u00e9rv\u00e9nyes\u00edt\u00e9se<\/em><\/strong><\/p>\n\n\n\n<p>A vad\u00e1szter\u00fclet helytelen haszn\u00e1lat\u00e1val okozott k\u00e1r megt\u00e9r\u00edt\u00e9s\u00e9re vonatkoz\u00f3 ig\u00e9nyt a k\u00e1rosult a vad\u00e1szter\u00fclet haszn\u00e1l\u00f3j\u00e1n\u00e1l \u00e9rv\u00e9nyes\u00edtheti a&nbsp;gazd\u00e1lkod\u00f3 a&nbsp;jelenlegi vad\u00e1szt\u00f6rv\u00e9ny 274\/2009- es \u00a7 69, 70 paragrafusa szerint. Gyakorlatban viszont nem garant\u00e1lt, hogy a&nbsp;k\u00e1r megt\u00e9rit\u00e9sre ker\u00fcl.<\/p>\n\n\n\n<p>A &nbsp;mez\u0151gazdas\u00e1gi ter\u00fcleteken, sz\u00e1nt\u00f3f\u00f6ldi n\u00f6v\u00e9nyeken \u00e9s mez\u0151gazdas\u00e1gi n\u00f6v\u00e9ny\u00e1llom\u00e1nyokon keletkezett k\u00e1rok eset\u00e9n jelenteni sz\u00fcks\u00e9ges 15 napon bel\u00fcl att\u00f3l a napt\u00f3l sz\u00e1m\u00edtva, amikor a k\u00e1rt \u00e9szlelte, legk\u00e9s\u0151bb k\u00e9t h\u00f3napon bel\u00fcl att\u00f3l a napt\u00f3l, amikor a k\u00e1r keletkezett.<br>Az erd\u0151\u00e1llom\u00e1nyokban keletkezett k\u00e1rok eset\u00e9n, ha a k\u00e1rok az el\u0151z\u0151 napt\u00e1ri \u00e9v j\u00falius 1-je \u00e9s a k\u00f6vetkez\u0151 \u00e9v j\u00fanius 30-a k\u00f6z\u00f6tt keletkeztek, az ig\u00e9nyt ezen id\u0151szak lej\u00e1rt\u00e1t k\u00f6vet\u0151 30 napon bel\u00fcl kell \u00e9rv\u00e9nyes\u00edteni. A vad\u00e1szter\u00fclet helytelen haszn\u00e1lat\u00e1val okozott k\u00e1r megt\u00e9r\u00edt\u00e9s\u00e9re vonatkoz\u00f3 ig\u00e9ny beny\u00fajt\u00e1s\u00e1val egyidej\u0171leg a k\u00e1rosult k\u00f6teles megjel\u00f6lni a k\u00e1r \u00f6sszeg\u00e9t.<br>Amennyiben a k\u00e1rosult, aki a vad\u00e1szter\u00fcleti f\u00f6ldter\u00fcletek tulajdonosa vagy b\u00e9rl\u0151je, a &nbsp;meghat\u00e1rozott hat\u00e1rid\u0151k\u00f6n bel\u00fcl nem jelenti be a k\u00e1r bek\u00f6vetkezt\u00e9t, a k\u00e9rt k\u00e1rt\u00e9r\u00edt\u00e9s \u00f6sszeg\u00e9t, valamint azokat az int\u00e9zked\u00e9seket, amelyeket a vad \u00e1ltal okozott k\u00e1rok megel\u0151z\u00e9se \u00e9rdek\u00e9ben tett, akkor k\u00e1rt\u00e9r\u00edt\u00e9si ig\u00e9nye megsz\u0171nik. Ha a k\u00e1r mez\u0151gazdas\u00e1gi n\u00f6v\u00e9nyeken vagy term\u00e9nyeken keletkezett, \u00e9s annak m\u00e9rt\u00e9ke csak a betakar\u00edt\u00e1s idej\u00e9n \u00e1llap\u00edthat\u00f3 meg, a k\u00e1rosult a k\u00e1r \u00f6sszeg\u00e9t a betakar\u00edt\u00e1st k\u00f6vet\u0151 15 napon bel\u00fcl k\u00f6teles megadni.<\/p>\n\n\n\n<p><strong>Burkus Imre &#8211; Falugazd\u00e1sz<br>2025.10.25.<\/strong><\/p>\n\n\n<div class=\"rl-gallery-container rl-loading\" id=\"rl-gallery-container-1\" data-gallery_id=\"878\"> <div class=\"rl-gallery rl-basicgrid-gallery \" id=\"rl-gallery-1\" data-gallery_no=\"1\"> <div class=\"rl-gallery-item\"><a href=\"https:\/\/falugazdasz.sk\/wp-content\/uploads\/2025\/10\/Kep1-2.jpg\" title=\"\" data-rl_title=\"\" class=\"rl-gallery-link\" data-rl_caption=\"\" data-rel=\"lightbox-gallery-1\"><img loading=\"lazy\" decoding=\"async\" src=\"https:\/\/falugazdasz.sk\/wp-content\/uploads\/2025\/10\/Kep1-2-300x169.jpg\" width=\"300\" height=\"169\" alt=\"\"\/><\/a><\/div><div class=\"rl-gallery-item\"><a href=\"https:\/\/falugazdasz.sk\/wp-content\/uploads\/2025\/10\/Kep2-1.jpg\" title=\"\" data-rl_title=\"\" class=\"rl-gallery-link\" data-rl_caption=\"\" data-rel=\"lightbox-gallery-1\"><img loading=\"lazy\" decoding=\"async\" src=\"https:\/\/falugazdasz.sk\/wp-content\/uploads\/2025\/10\/Kep2-1-300x169.jpg\" width=\"300\" height=\"169\" alt=\"\"\/><\/a><\/div><div class=\"rl-gallery-item\"><a href=\"https:\/\/falugazdasz.sk\/wp-content\/uploads\/2025\/10\/Kep3-1.jpg\" title=\"\" data-rl_title=\"\" class=\"rl-gallery-link\" data-rl_caption=\"\" data-rel=\"lightbox-gallery-1\"><img loading=\"lazy\" decoding=\"async\" src=\"https:\/\/falugazdasz.sk\/wp-content\/uploads\/2025\/10\/Kep3-1-225x300.jpg\" width=\"225\" height=\"300\" alt=\"\"\/><\/a><\/div><div class=\"rl-gallery-item\"><a href=\"https:\/\/falugazdasz.sk\/wp-content\/uploads\/2025\/10\/Kep4-1.jpg\" title=\"\" data-rl_title=\"\" class=\"rl-gallery-link\" data-rl_caption=\"\" data-rel=\"lightbox-gallery-1\"><img loading=\"lazy\" decoding=\"async\" src=\"https:\/\/falugazdasz.sk\/wp-content\/uploads\/2025\/10\/Kep4-1-225x300.jpg\" width=\"225\" height=\"300\" alt=\"\"\/><\/a><\/div><div class=\"rl-gallery-item\"><a href=\"https:\/\/falugazdasz.sk\/wp-content\/uploads\/2025\/10\/Kep5.jpg\" title=\"\" data-rl_title=\"\" class=\"rl-gallery-link\" data-rl_caption=\"\" data-rel=\"lightbox-gallery-1\"><img loading=\"lazy\" decoding=\"async\" src=\"https:\/\/falugazdasz.sk\/wp-content\/uploads\/2025\/10\/Kep5-225x300.jpg\" width=\"225\" height=\"300\" alt=\"\"\/><\/a><\/div> <\/div> <\/div>\n","protected":false},"excerpt":{"rendered":"<p>Orsz\u00e1g egyre t\u00f6bb r\u00e9sz\u00e9n f\u0151leg k\u00f6z\u00e9p \u00e9s kelet Szlov\u00e1ki\u00e1ban egyre nagyobb probl\u00e9m\u00e1t okoz a mez\u0151gazdas\u00e1gban \u00e9s erd\u00e9szetben&nbsp; a t\u00falszaporodott vad\u00e1llom\u00e1ny \u00e1ltal okozott vadk\u00e1r. A mez\u0151gazdas\u00e1gban \u00e9s erd\u00e9szetben okozott k\u00e1rok, a [&hellip;]<\/p>\n","protected":false},"author":2,"featured_media":879,"comment_status":"closed","ping_status":"closed","sticky":false,"template":"","format":"standard","meta":{"_acf_changed":false,"pmpro_default_level":"","inline_featured_image":false,"footnotes":""},"categories":[100],"tags":[],"class_list":["post-876","post","type-post","status-publish","format-standard","has-post-thumbnail","hentry","category-hirek","pmpro-has-access"],"acf":[],"_links":{"self":[{"href":"https:\/\/falugazdasz.sk\/hu\/wp-json\/wp\/v2\/posts\/876","targetHints":{"allow":["GET"]}}],"collection":[{"href":"https:\/\/falugazdasz.sk\/hu\/wp-json\/wp\/v2\/posts"}],"about":[{"href":"https:\/\/falugazdasz.sk\/hu\/wp-json\/wp\/v2\/types\/post"}],"author":[{"embeddable":true,"href":"https:\/\/falugazdasz.sk\/hu\/wp-json\/wp\/v2\/users\/2"}],"replies":[{"embeddable":true,"href":"https:\/\/falugazdasz.sk\/hu\/wp-json\/wp\/v2\/comments?post=876"}],"version-history":[{"count":3,"href":"https:\/\/falugazdasz.sk\/hu\/wp-json\/wp\/v2\/posts\/876\/revisions"}],"predecessor-version":[{"id":896,"href":"https:\/\/falugazdasz.sk\/hu\/wp-json\/wp\/v2\/posts\/876\/revisions\/896"}],"wp:featuredmedia":[{"embeddable":true,"href":"https:\/\/falugazdasz.sk\/hu\/wp-json\/wp\/v2\/media\/879"}],"wp:attachment":[{"href":"https:\/\/falugazdasz.sk\/hu\/wp-json\/wp\/v2\/media?parent=876"}],"wp:term":[{"taxonomy":"category","embeddable":true,"href":"https:\/\/falugazdasz.sk\/hu\/wp-json\/wp\/v2\/categories?post=876"},{"taxonomy":"post_tag","embeddable":true,"href":"https:\/\/falugazdasz.sk\/hu\/wp-json\/wp\/v2\/tags?post=876"}],"curies":[{"name":"wp","href":"https:\/\/api.w.org\/{rel}","templated":true}]}}