{"id":906,"date":"2025-11-06T17:05:29","date_gmt":"2025-11-06T16:05:29","guid":{"rendered":"https:\/\/falugazdasz.sk\/?p=906"},"modified":"2025-11-06T17:05:31","modified_gmt":"2025-11-06T16:05:31","slug":"emelkedo-koltsegek-ingadozo-piac-mit-hozott-2025-a-mezogazdasagnak","status":"publish","type":"post","link":"https:\/\/falugazdasz.sk\/hu\/emelkedo-koltsegek-ingadozo-piac-mit-hozott-2025-a-mezogazdasagnak\/","title":{"rendered":"Emelked\u0151 k\u00f6lts\u00e9gek, ingadoz\u00f3 piac \u2013 Mit hozott 2025 a mez\u0151gazdas\u00e1gnak?"},"content":{"rendered":"\n<p>A 2025-\u00f6s \u00e9v a szlov\u00e1kiai gazd\u00e1k sz\u00e1m\u00e1ra tov\u00e1bbra sem hozott megnyugtat\u00f3 piaci k\u00f6rnyezetet. B\u00e1r a term\u00e9nyfelv\u00e1s\u00e1rl\u00e1si \u00e1rak \u00f6sszess\u00e9g\u00e9ben emelkedtek az el\u0151z\u0151 \u00e9vhez k\u00e9pest, ez a n\u00f6veked\u00e9s sok esetben nem bizonyult elegend\u0151nek ahhoz, hogy ellens\u00falyozza a termel\u00e9si k\u00f6lts\u00e9gek folyamatos dr\u00e1gul\u00e1s\u00e1t. A statisztik\u00e1k k\u00f6r\u00fclbel\u00fcl 5 sz\u00e1zal\u00e9kos \u00e1tlagos \u00e1remelked\u00e9st mutatnak a mez\u0151gazdas\u00e1gi term\u00e9kekn\u00e9l, \u00e1m a gazd\u00e1k t\u00f6bbs\u00e9ge ezt nem \u00e9rz\u00e9kelte pozit\u00edv v\u00e1ltoz\u00e1sk\u00e9nt. Az energia, a m\u0171tr\u00e1gya, a vet\u0151mag \u00e9s a takarm\u00e1ny \u00e1ra ugyanis j\u00f3val nagyobb m\u00e9rt\u00e9kben n\u0151tt, az inputk\u00f6lts\u00e9gek 2020 \u00f3ta nagy m\u00e9rt\u00e9kben emelkedtek. \u00cdgy hi\u00e1ba kap ma valamivel t\u00f6bbet a gazda a b\u00faz\u00e1\u00e9rt, kukoric\u00e1\u00e9rt vagy repc\u00e9\u00e9rt, a v\u00e9g\u00e9n gyakran kevesebb marad a zseb\u00e9ben, mint kor\u00e1bban.<\/p>\n\n\n\n<p>A gazd\u00e1lkod\u00f3k sz\u00e1m\u00e1ra egyre fontosabb\u00e1 v\u00e1lik a k\u00f6lts\u00e9gek tudatos kezel\u00e9se, az el\u0151re tervez\u00e9s \u00e9s a piaci id\u0151z\u00edt\u00e9s. Azok, akik el\u0151zetes szerz\u0151d\u00e9sekkel tudt\u00e1k lek\u00f6tni term\u00e9nyeiket, l\u00e9nyegesen jobb poz\u00edci\u00f3b\u00f3l indulhattak, mint azok, akik a betakar\u00edt\u00e1s ut\u00e1ni piaci \u00e1rakra voltak utalva. A felv\u00e1s\u00e1rl\u00e1si \u00e1rak ugyanis sok esetben \u00e9pp a legnagyobb mennyis\u00e9gek piacra ker\u00fcl\u00e9sekor cs\u00f6kkentek, ami jelent\u0151s bev\u00e9telkies\u00e9st okozott. Ez k\u00fcl\u00f6n\u00f6sen \u00e9rz\u00e9kelhet\u0151 volt a b\u00faza \u00e9s az \u00e1rpa eset\u00e9ben, ahol a j\u00f3 hozamok ellen\u00e9re sem siker\u00fclt mindenhol nyeres\u00e9gesen z\u00e1rni az \u00e9vet.<\/p>\n\n\n\n<p>A n\u00f6v\u00e9nytermeszt\u00e9si eredm\u00e9nyek tekintet\u00e9ben az idei \u00e9v vegyes k\u00e9pet mutatott. A repce, a b\u00faza \u00e9s az \u00e1rpa hozamai \u00e1ltal\u00e1noss\u00e1gban j\u00f3l alakultak, sok gazdas\u00e1gban \u00e1tlag feletti eredm\u00e9nyek sz\u00fclettek. A napraforg\u00f3 eset\u00e9ben ink\u00e1bb k\u00f6zepes hozamokr\u00f3l besz\u00e9lhet\u00fcnk, m\u00edg a kukorica \u00e9s a sz\u00f3ja kifejezetten gyeng\u00e9n teljes\u00edtett, r\u00e9szben az id\u0151j\u00e1r\u00e1s, r\u00e9szben a talajnedvess\u00e9g hi\u00e1nya miatt. Ez a kett\u0151ss\u00e9g a piaci \u00e1rakkal egy\u00fctt hat\u00e1rozta meg a gazdas\u00e1gi eredm\u00e9nyeket: volt, ahol a magasabb \u00e1r k\u00e9pes volt kompenz\u00e1lni a gyeng\u00e9bb term\u00e9st, m\u00e1shol viszont a j\u00f3 hozam sem hozott jobb eredm\u00e9nyt, mert a piaci \u00e1rak id\u0151k\u00f6zben cs\u00f6kkentek.<\/p>\n\n\n\n<p>A 2025-\u00f6s \u00e9v nyertesei gazdas\u00e1gi szempontb\u00f3l egy\u00e9rtelm\u0171en azok a gazd\u00e1k voltak, akik repc\u00e9b\u0151l j\u00f3 term\u00e9st takar\u00edtottak be, mivel ebben az esetben a hozam \u00e9s az \u00e1r is kedvez\u0151en alakult. A legt\u00f6bb helyen a repce biztos\u00edtotta a legjobb j\u00f6vedelmez\u0151s\u00e9get, ezt k\u00f6vette a napraforg\u00f3 \u00e9s az \u00e9lelmiszeripari b\u00faza \u2013 amennyiben siker\u00fclt id\u0151ben j\u00f3 \u00e1ron lek\u00f6tni, el\u0151re eladni. Ahol nem volt el\u0151zetes szerz\u0151d\u00e9s, ott a betakar\u00edt\u00e1s ut\u00e1ni \u00e1rcs\u00f6kken\u00e9s jelent\u0151sen cs\u00f6kkentette a bev\u00e9teleket, hi\u00e1ba volt j\u00f3 a term\u00e9s.<\/p>\n\n\n\n<p>A term\u00e9nypiacot tov\u00e1bbra is er\u0151sen befoly\u00e1solja az olcs\u00f3 import. Ez nemcsak gazdas\u00e1gi, hanem politikai k\u00e9rd\u00e9ss\u00e9 is v\u00e1lt, hiszen a k\u00fclf\u00f6ldi, alacsonyabb termel\u00e9si k\u00f6lts\u00e9ggel el\u0151\u00e1ll\u00edtott \u00e1ruk lefel\u00e9 szor\u00edtj\u00e1k a hazai felv\u00e1s\u00e1rl\u00e1si \u00e1rakat. A helyzetet tov\u00e1bb bonyol\u00edtja az id\u0151j\u00e1r\u00e1si kock\u00e1zat, hiszen az asz\u00e1ly \u00e9s a sz\u00e9ls\u0151s\u00e9ges h\u0151ingadoz\u00e1s egyre gyakoribb, \u00edgy a term\u00e9sbiztons\u00e1g k\u00f6lts\u00e9ge is n\u0151. A biztos\u00edt\u00e1si konstrukci\u00f3k ir\u00e1nti \u00e9rdekl\u0151d\u00e9s n\u0151tt, ugyanakkor sok gazda sz\u00e1m\u00e1ra ezek m\u00e9g mindig nehezen el\u00e9rhet\u0151k vagy nem el\u00e9g rugalmasak.<\/p>\n\n\n\n<p>A gazd\u00e1lkod\u00f3k k\u00f6r\u00e9ben egyre nagyobb figyelmet kapnak az alternat\u00edv n\u00f6v\u00e9nykult\u00far\u00e1k, a prec\u00edzi\u00f3s gazd\u00e1lkod\u00e1si technol\u00f3gi\u00e1k \u00e9s az energiahat\u00e9konys\u00e1got c\u00e9lz\u00f3 beruh\u00e1z\u00e1sok. Ezek nemcsak a k\u00f6lts\u00e9gek cs\u00f6kkent\u00e9s\u00e9t szolg\u00e1lj\u00e1k, hanem a piaci kiszolg\u00e1ltatotts\u00e1g m\u00e9rs\u00e9kl\u00e9s\u00e9t is. A j\u00f6v\u0151ben v\u00e1rhat\u00f3an azok a gazdas\u00e1gok tudnak versenyk\u00e9pesek maradni, amelyek k\u00e9pesek alkalmazkodni a v\u00e1ltoz\u00f3 k\u00f6r\u00fclm\u00e9nyekhez, \u00e9s proakt\u00edvan reag\u00e1lnak a piaci \u00e9s k\u00f6rnyezeti kih\u00edv\u00e1sokra.<\/p>\n\n\n\n<p>\u00d6sszess\u00e9g\u00e9ben elmondhat\u00f3, hogy a 2025-\u00f6s \u00e9v nem a nagy nyeres\u00e9gek id\u0151szaka volt, hanem az alkalmazkod\u00e1s\u00e9, a k\u00f6lts\u00e9gek kontrollj\u00e1\u00e9 \u00e9s annak, hogy ki mennyire tudta j\u00f3kor \u00e9s j\u00f3 \u00e1ron \u00e9rt\u00e9kes\u00edteni a term\u00e9ny\u00e9t. A magasabb \u00e1rak helyenk\u00e9nt megmentett\u00e9k a gyeng\u00e9bb hozamot, de a j\u00f3 hozam sem mindig jelentett biztos nyeres\u00e9get. A repce lett az idei gazdas\u00e1gi listavezet\u0151, a napraforg\u00f3 \u00e9s a szerz\u0151d\u00f6tt b\u00faza m\u00e9g tartani tudta a l\u00e9p\u00e9st, minden m\u00e1s kult\u00fara eset\u00e9ben pedig a j\u00f6vedelmez\u0151s\u00e9g er\u0151sen f\u00fcgg\u00f6tt a piaci id\u0151z\u00edt\u00e9st\u0151l. A gazd\u00e1k most nem a b\u0151s\u00e9g idej\u00e9t \u00e9lik, hanem egy olyan id\u0151szakot, amikor a tudatos gazd\u00e1lkod\u00e1s, az el\u0151rel\u00e1t\u00e1s \u00e9s a piaci kock\u00e1zatok kezel\u00e9se jelenti a t\u00fal\u00e9l\u00e9s kulcs\u00e1t.<\/p>\n\n\n\n<p><em><strong>Ing. Pecs\u00e9rke Andreas<\/strong> \u2013 F\u0151 Falugazd\u00e1sz\u00a0\u00a0\u00a0\u00a0\u00a0\u00a0\u00a0\u00a0\u00a0\u00a0\u00a0\u00a0\u00a0\u00a0\u00a0\u00a0\u00a0\u00a0\u00a0\u00a0\u00a0\u00a0\u00a0\u00a0\u00a0\u00a0 <\/em><br><em>Kelt: Szalatnya, 2025.11.04.<\/em><\/p>\n","protected":false},"excerpt":{"rendered":"<p>A 2025-\u00f6s \u00e9v a szlov\u00e1kiai gazd\u00e1k sz\u00e1m\u00e1ra tov\u00e1bbra sem hozott megnyugtat\u00f3 piaci k\u00f6rnyezetet. B\u00e1r a term\u00e9nyfelv\u00e1s\u00e1rl\u00e1si \u00e1rak \u00f6sszess\u00e9g\u00e9ben emelkedtek az el\u0151z\u0151 \u00e9vhez k\u00e9pest, ez a n\u00f6veked\u00e9s sok esetben nem bizonyult [&hellip;]<\/p>\n","protected":false},"author":2,"featured_media":911,"comment_status":"closed","ping_status":"closed","sticky":false,"template":"","format":"standard","meta":{"_acf_changed":false,"pmpro_default_level":"","inline_featured_image":false,"footnotes":""},"categories":[100],"tags":[],"class_list":["post-906","post","type-post","status-publish","format-standard","has-post-thumbnail","hentry","category-hirek","pmpro-has-access"],"acf":[],"_links":{"self":[{"href":"https:\/\/falugazdasz.sk\/hu\/wp-json\/wp\/v2\/posts\/906","targetHints":{"allow":["GET"]}}],"collection":[{"href":"https:\/\/falugazdasz.sk\/hu\/wp-json\/wp\/v2\/posts"}],"about":[{"href":"https:\/\/falugazdasz.sk\/hu\/wp-json\/wp\/v2\/types\/post"}],"author":[{"embeddable":true,"href":"https:\/\/falugazdasz.sk\/hu\/wp-json\/wp\/v2\/users\/2"}],"replies":[{"embeddable":true,"href":"https:\/\/falugazdasz.sk\/hu\/wp-json\/wp\/v2\/comments?post=906"}],"version-history":[{"count":1,"href":"https:\/\/falugazdasz.sk\/hu\/wp-json\/wp\/v2\/posts\/906\/revisions"}],"predecessor-version":[{"id":913,"href":"https:\/\/falugazdasz.sk\/hu\/wp-json\/wp\/v2\/posts\/906\/revisions\/913"}],"wp:featuredmedia":[{"embeddable":true,"href":"https:\/\/falugazdasz.sk\/hu\/wp-json\/wp\/v2\/media\/911"}],"wp:attachment":[{"href":"https:\/\/falugazdasz.sk\/hu\/wp-json\/wp\/v2\/media?parent=906"}],"wp:term":[{"taxonomy":"category","embeddable":true,"href":"https:\/\/falugazdasz.sk\/hu\/wp-json\/wp\/v2\/categories?post=906"},{"taxonomy":"post_tag","embeddable":true,"href":"https:\/\/falugazdasz.sk\/hu\/wp-json\/wp\/v2\/tags?post=906"}],"curies":[{"name":"wp","href":"https:\/\/api.w.org\/{rel}","templated":true}]}}