{"id":922,"date":"2025-11-13T10:43:20","date_gmt":"2025-11-13T09:43:20","guid":{"rendered":"https:\/\/falugazdasz.sk\/?p=922"},"modified":"2025-11-13T10:45:27","modified_gmt":"2025-11-13T09:45:27","slug":"a-fitoplazma-elleni-kozossegi-vedekezes-uj-szakaszba-lepett","status":"publish","type":"post","link":"https:\/\/falugazdasz.sk\/hu\/a-fitoplazma-elleni-kozossegi-vedekezes-uj-szakaszba-lepett\/","title":{"rendered":"A fitoplazma elleni k\u00f6z\u00f6ss\u00e9gi v\u00e9dekez\u00e9s \u00faj szakaszba l\u00e9pett &#8211; \u0150szi-t\u00e9li felk\u00e9sz\u00fcl\u00e9s a sz\u0151l\u0151\u00fcltetv\u00e9nyek megment\u00e9s\u00e9\u00e9rt"},"content":{"rendered":"\n<p>Az aranysz\u00edn\u0171 s\u00e1rgas\u00e1g elleni k\u00fczdelem D\u00e9l-Szlov\u00e1ki\u00e1ban mostanra a k\u00f6z\u00f6ss\u00e9gi \u00f6sszefog\u00e1s \u00faj szintj\u00e9re l\u00e9pett. Az augusztusi figyelmeztet\u00e9sek \u00f3ta a fert\u0151z\u00e9s tov\u00e1bb terjedt: a Muzsla\u2013B\u00e1torkeszi\u2013P\u00e1rk\u00e1ny t\u00e9rs\u00e9gben egyre t\u00f6bb \u00fcltetv\u00e9nyen mutatkoznak a t\u00fcnetek, de az Ipoly menti borr\u00e9gi\u00f3ban is jelent\u0151s ar\u00e1nyban \u00e9szlelt\u00e9k a betegs\u00e9get. A k\u00f3r imm\u00e1r nem csup\u00e1n egy\u00e9ni, hanem k\u00f6z\u00f6ss\u00e9gi v\u00e1ls\u00e1ghelyzetet teremt.<\/p>\n\n\n\n<p>A helyzet orsz\u00e1gos szint\u0171v\u00e9 v\u00e1lt \u2013 jelenleg m\u00e1r alig van olyan k\u00f6rzet Szlov\u00e1kia magyarlakta sz\u0151l\u0151ter\u00fcletein, ahol ne \u00e9szlelt\u00e9k volna a fert\u0151z\u00e9st. A betegs\u00e9g gyors \u00fctem\u0171 terjed\u00e9se miatt egyre t\u00f6bb borvid\u00e9k ker\u00fcl kritikus \u00e1llapotba, k\u00fcl\u00f6n\u00f6sen a K\u00fcrt\u2013B\u00e1torkeszi\u2013Muzsla\u2013P\u00e1rk\u00e1ny t\u00e9rs\u00e9gben, ahol a fitoplazma m\u00e1r teljes hegyk\u00f6zs\u00e9gi k\u00f6z\u00f6ss\u00e9geket \u00e9rint.<\/p>\n\n\n\n<p>A k\u00f6z\u00f6ss\u00e9gi v\u00e9dekez\u00e9s el\u0151k\u00e9sz\u00edt\u00e9se <strong>el\u0151sz\u00f6r a K\u00fcrti Hegyk\u00f6zs\u00e9gben<\/strong> indult meg terepbej\u00e1r\u00e1sokkal \u00e9s a beteg t\u0151k\u00e9k likvid\u00e1l\u00e1s\u00e1val, majd <strong>B\u00e1torkeszin<\/strong> folytat\u00f3dott a <strong>k\u00f6zs\u00e9g \u00f6nkorm\u00e1nyzata \u00e9s a SzEGAB Polg\u00e1ri T\u00e1rsul\u00e1s<\/strong> egy\u00fcttm\u0171k\u00f6d\u00e9s\u00e9ben. A kezdem\u00e9nyez\u00e9s <strong>okt\u00f3ber k\u00f6zep\u00e9t\u0151l Muzsl\u00e1n<\/strong> folytat\u00f3dik, ahol a <strong>Hegyk\u00f6zs\u00e9g \u00e9s a Kertbar\u00e1tk\u00f6r<\/strong> \u00f6sszefog\u00e1s\u00e1ban k\u00e9sz\u00fclnek az \u0151szi\u2013t\u00e9li v\u00e9dekez\u00e9si feladatokra.<\/p>\n\n\n\n<p>A <strong>P\u00e1rk\u00e1nyi borr\u00e9gi\u00f3ban<\/strong> ez a megmozdul\u00e1s k\u00f6zvetetten <strong>hat telep\u00fcl\u00e9st \u00e9rint<\/strong>, mivel a sz\u0151l\u0151ter\u00fcletek f\u00f6ldrajzi k\u00f6zels\u00e9ge indokoltt\u00e1 teszi a <strong>k\u00f6z\u00f6s cselekv\u00e9st \u00e9s az \u00f6sszehangolt fell\u00e9p\u00e9st<\/strong>.<\/p>\n\n\n\n<p>Az \u0151szi id\u0151szak f\u0151 feladatai k\u00f6z\u00e9 tartozik a <strong>gondozott sz\u0151l\u0151ter\u00fcletek beteg t\u0151k\u00e9inek likvid\u00e1l\u00e1sa<\/strong>, a <strong>hegyk\u00f6zs\u00e9gi parcell\u00e1k pontos beazonos\u00edt\u00e1sa \u00e9s dokument\u00e1l\u00e1sa<\/strong>, valamint a <strong>k\u00f6zs\u00e9gek inform\u00e1l\u00e1sa<\/strong> a j\u00f6v\u0151beni v\u00e9dekez\u00e9si teend\u0151k \u00f6sszehangol\u00e1sa \u00e9rdek\u00e9ben.<\/p>\n\n\n\n<p>A tapasztalat azt mutatja, hogy ahol az egy\u00fcttm\u0171k\u00f6d\u00e9s hi\u00e1nyzik, ott a k\u00e1r m\u00e9rt\u00e9ke is s\u00falyosabb. A <strong>K\u00fcrtr\u0151l, B\u00facsr\u00f3l, Muzsl\u00e1r\u00f3l \u00e9s Ipolyny\u00e9kr\u0151l<\/strong> \u00e9rkez\u0151 besz\u00e1mol\u00f3k szerint a fert\u0151z\u00e9s ar\u00e1nya helyenk\u00e9nt m\u00e1r a <strong>30\u201340 sz\u00e1zal\u00e9kot<\/strong> is el\u00e9ri. A <strong>parlagon hagyott, gondozatlan \u00fcltetv\u00e9nyek<\/strong> tov\u00e1bbra is a <strong>legnagyobb fert\u0151z\u00e9si g\u00f3cokat<\/strong> jelentik, ez\u00e9rt ezek felsz\u00e1mol\u00e1sa az egyik <strong>legs\u00fcrget\u0151bb feladat<\/strong> a <strong>visszafert\u0151z\u0151d\u00e9s megel\u0151z\u00e9se<\/strong> szempontj\u00e1b\u00f3l.<\/p>\n\n\n\n<p>A jelenlegi <strong>jogszab\u00e1lyi keretek<\/strong> azonban <strong>nem teszik lehet\u0151v\u00e9<\/strong>, hogy ezeket a ter\u00fcleteket ak\u00e1r <strong>\u00f6nk\u00e9ntes k\u00f6z\u00f6ss\u00e9gi kezdem\u00e9nyez\u00e9sre<\/strong>, ak\u00e1r <strong>\u00f6nkorm\u00e1nyzati javaslatra<\/strong> felsz\u00e1molj\u00e1k \u2013 ez <strong>az egyik legnagyobb akad\u00e1lya a probl\u00e9ma hat\u00e9kony kezel\u00e9s\u00e9nek<\/strong>.<br>&nbsp;<strong>Am\u00edg ez \u00fcgyben nem t\u00f6rt\u00e9nik t\u00f6rv\u00e9nym\u00f3dos\u00edt\u00e1s<\/strong>, addig az eddigi \u00e9s a j\u00f6v\u0151 \u00e9vi v\u00e9dekez\u00e9si munk\u00e1k <strong>tart\u00f3s eredm\u00e9nyt nem hozhatnak<\/strong>, hiszen a fert\u0151z\u00e9s forr\u00e1sai tov\u00e1bbra is \u00e9rintetlen\u00fcl maradnak.<\/p>\n\n\n\n<p>A <strong>sz\u0151l\u0151kab\u00f3ca elleni v\u00e9dekez\u00e9s<\/strong> \u2013 b\u00e1r az \u0151sz folyam\u00e1n m\u00e1r lez\u00e1rult \u2013 <strong>nem \u00e1llhat meg a rovarirt\u00e1sn\u00e1l<\/strong>. A t\u00e9li id\u0151szak a <strong>fert\u0151z\u00f6tt t\u0151k\u00e9k elt\u00e1vol\u00edt\u00e1s\u00e1nak (likvid\u00e1l\u00e1s\u00e1nak)<\/strong>, valamint a <strong>j\u00f6v\u0151 \u00e9vi v\u00e9dekez\u00e9si strat\u00e9gia kialak\u00edt\u00e1s\u00e1nak<\/strong> ideje.<br>&nbsp;Ezzel p\u00e1rhuzamosan a <strong>hegyk\u00f6zs\u00e9gek \u00e9s k\u00f6zs\u00e9gek egyik legfontosabb feladata<\/strong> a <strong>sz\u0151l\u0151parcell\u00e1k pontos beazonos\u00edt\u00e1sa \u00e9s dokument\u00e1l\u00e1sa<\/strong>, hogy a v\u00e9dekez\u00e9si munka a k\u00f6vetkez\u0151 \u00e9vben <strong>c\u00e9lzottan \u00e9s \u00e1tl\u00e1that\u00f3an<\/strong> folytat\u00f3dhasson.<\/p>\n\n\n\n<p>A <strong>Falugazd\u00e1sz H\u00e1l\u00f3zat<\/strong> a k\u00f6vetkez\u0151 h\u00f3napokban <strong>t\u00e9rs\u00e9gi szint\u0171 egyeztet\u00e9seket<\/strong> kezdem\u00e9nyez a helyi gazd\u00e1k, szakemberek \u00e9s \u00f6nkorm\u00e1nyzatok bevon\u00e1s\u00e1val.<br>&nbsp;A c\u00e9l: egy <strong>r\u00e9gi\u00f3s szint\u0171 v\u00e9dekez\u00e9si modell<\/strong> kialak\u00edt\u00e1sa, amelyet b\u00e1rmely telep\u00fcl\u00e9s \u00e1tvehet.<\/p>\n\n\n\n<p>A <strong>kommunik\u00e1ci\u00f3<\/strong> tov\u00e1bbra is <strong>kulcsk\u00e9rd\u00e9s<\/strong>. A magyar nyelv\u0171 t\u00e1j\u00e9koztat\u00e1s, a digit\u00e1lis csatorn\u00e1kon megosztott h\u00edrek \u00e9s a terepen zajl\u00f3 szem\u00e9lyes konzult\u00e1ci\u00f3k r\u00e9v\u00e9n siker\u00fclt el\u00e9rni, hogy a gazd\u00e1k nagyobb r\u00e9sze tudatosabban reag\u00e1ljon a fert\u0151z\u00e9sre. Ugyanakkor m\u00e9g mindig hi\u00e1nyzik az <strong>\u00e1llami szint\u0171 koordin\u00e1ci\u00f3 \u00e9s t\u00e1mogat\u00e1s<\/strong>, amely n\u00e9lk\u00fcl a probl\u00e9ma csak <strong>elod\u00e1zhat\u00f3, de nem oldhat\u00f3 meg<\/strong>.<\/p>\n\n\n\n<p>A <strong>fitoplazma elleni v\u00e9dekez\u00e9s<\/strong> nem csup\u00e1n szakmai k\u00e9rd\u00e9s, hanem <strong>k\u00f6z\u00f6ss\u00e9gi felel\u0151ss\u00e9g<\/strong>. A most indul\u00f3 helyi egy\u00fcttm\u0171k\u00f6d\u00e9sek bizony\u00edtj\u00e1k, hogy a <strong>bor\u00e1szok, gazd\u00e1k \u00e9s \u00f6nkorm\u00e1nyzatok k\u00e9pesek \u00f6nszervez\u0151dni<\/strong>, ha megfelel\u0151 ir\u00e1nymutat\u00e1st \u00e9s t\u00e1mogat\u00e1st kapnak. A t\u00e9t nem kevesebb, mint a <strong>felvid\u00e9ki sz\u0151l\u0151hegyek j\u00f6v\u0151je<\/strong>.<\/p>\n\n\n\n<p><em><strong>Pereszl\u00e9nyi Csaba<br><\/strong><\/em>bor\u00e1szatok\u00e9rt felel\u0151s falugazd\u00e1sz,<br>P\u00e1rk\u00e1ny, 2025. okt\u00f3ber 30.<\/p>\n\n\n<div class=\"rl-gallery-container rl-loading\" id=\"rl-gallery-container-1\" data-gallery_id=\"937\"> <div class=\"rl-gallery rl-basicgrid-gallery \" id=\"rl-gallery-1\" data-gallery_no=\"1\"> <div class=\"rl-gallery-item\"><a href=\"https:\/\/falugazdasz.sk\/wp-content\/uploads\/2025\/11\/Kep1.jpg\" title=\"\" data-rl_title=\"\" class=\"rl-gallery-link\" data-rl_caption=\"\" data-rel=\"lightbox-gallery-1\"><img loading=\"lazy\" decoding=\"async\" src=\"https:\/\/falugazdasz.sk\/wp-content\/uploads\/2025\/11\/Kep1-300x169.jpg\" width=\"300\" height=\"169\" alt=\"\"\/><\/a><\/div><div class=\"rl-gallery-item\"><a href=\"https:\/\/falugazdasz.sk\/wp-content\/uploads\/2025\/11\/Kep2.jpg\" title=\"\" data-rl_title=\"\" class=\"rl-gallery-link\" data-rl_caption=\"\" data-rel=\"lightbox-gallery-1\"><img loading=\"lazy\" decoding=\"async\" src=\"https:\/\/falugazdasz.sk\/wp-content\/uploads\/2025\/11\/Kep2-225x300.jpg\" width=\"225\" height=\"300\" alt=\"\"\/><\/a><\/div><div class=\"rl-gallery-item\"><a href=\"https:\/\/falugazdasz.sk\/wp-content\/uploads\/2025\/11\/Kep3.jpg\" title=\"\" data-rl_title=\"\" class=\"rl-gallery-link\" data-rl_caption=\"\" data-rel=\"lightbox-gallery-1\"><img loading=\"lazy\" decoding=\"async\" src=\"https:\/\/falugazdasz.sk\/wp-content\/uploads\/2025\/11\/Kep3-169x300.jpg\" width=\"169\" height=\"300\" alt=\"\"\/><\/a><\/div><div class=\"rl-gallery-item\"><a href=\"https:\/\/falugazdasz.sk\/wp-content\/uploads\/2025\/11\/Kep4.jpg\" title=\"\" data-rl_title=\"\" class=\"rl-gallery-link\" data-rl_caption=\"\" data-rel=\"lightbox-gallery-1\"><img loading=\"lazy\" decoding=\"async\" src=\"https:\/\/falugazdasz.sk\/wp-content\/uploads\/2025\/11\/Kep4-169x300.jpg\" width=\"169\" height=\"300\" alt=\"\"\/><\/a><\/div><div class=\"rl-gallery-item\"><a href=\"https:\/\/falugazdasz.sk\/wp-content\/uploads\/2025\/11\/Kep5.jpg\" title=\"\" data-rl_title=\"\" class=\"rl-gallery-link\" data-rl_caption=\"\" data-rel=\"lightbox-gallery-1\"><img loading=\"lazy\" decoding=\"async\" src=\"https:\/\/falugazdasz.sk\/wp-content\/uploads\/2025\/11\/Kep5-300x169.jpg\" width=\"300\" height=\"169\" alt=\"\"\/><\/a><\/div><div class=\"rl-gallery-item\"><a href=\"https:\/\/falugazdasz.sk\/wp-content\/uploads\/2025\/11\/Kep6.jpg\" title=\"\" data-rl_title=\"\" class=\"rl-gallery-link\" data-rl_caption=\"\" data-rel=\"lightbox-gallery-1\"><img loading=\"lazy\" decoding=\"async\" src=\"https:\/\/falugazdasz.sk\/wp-content\/uploads\/2025\/11\/Kep6-300x169.jpg\" width=\"300\" height=\"169\" alt=\"\"\/><\/a><\/div><div class=\"rl-gallery-item\"><a href=\"https:\/\/falugazdasz.sk\/wp-content\/uploads\/2025\/11\/Kep7.jpg\" title=\"\" data-rl_title=\"\" class=\"rl-gallery-link\" data-rl_caption=\"\" data-rel=\"lightbox-gallery-1\"><img loading=\"lazy\" decoding=\"async\" src=\"https:\/\/falugazdasz.sk\/wp-content\/uploads\/2025\/11\/Kep7-300x166.jpg\" width=\"300\" height=\"166\" alt=\"\"\/><\/a><\/div> <\/div> <\/div>\n","protected":false},"excerpt":{"rendered":"<p>Az aranysz\u00edn\u0171 s\u00e1rgas\u00e1g elleni k\u00fczdelem D\u00e9l-Szlov\u00e1ki\u00e1ban mostanra a k\u00f6z\u00f6ss\u00e9gi \u00f6sszefog\u00e1s \u00faj szintj\u00e9re l\u00e9pett. Az augusztusi figyelmeztet\u00e9sek \u00f3ta a fert\u0151z\u00e9s tov\u00e1bb terjedt: a Muzsla\u2013B\u00e1torkeszi\u2013P\u00e1rk\u00e1ny t\u00e9rs\u00e9gben egyre t\u00f6bb \u00fcltetv\u00e9nyen mutatkoznak a t\u00fcnetek, [&hellip;]<\/p>\n","protected":false},"author":2,"featured_media":927,"comment_status":"closed","ping_status":"closed","sticky":false,"template":"","format":"standard","meta":{"_acf_changed":false,"pmpro_default_level":"","inline_featured_image":false,"footnotes":""},"categories":[100],"tags":[],"class_list":["post-922","post","type-post","status-publish","format-standard","has-post-thumbnail","hentry","category-hirek","pmpro-has-access"],"acf":[],"_links":{"self":[{"href":"https:\/\/falugazdasz.sk\/hu\/wp-json\/wp\/v2\/posts\/922","targetHints":{"allow":["GET"]}}],"collection":[{"href":"https:\/\/falugazdasz.sk\/hu\/wp-json\/wp\/v2\/posts"}],"about":[{"href":"https:\/\/falugazdasz.sk\/hu\/wp-json\/wp\/v2\/types\/post"}],"author":[{"embeddable":true,"href":"https:\/\/falugazdasz.sk\/hu\/wp-json\/wp\/v2\/users\/2"}],"replies":[{"embeddable":true,"href":"https:\/\/falugazdasz.sk\/hu\/wp-json\/wp\/v2\/comments?post=922"}],"version-history":[{"count":2,"href":"https:\/\/falugazdasz.sk\/hu\/wp-json\/wp\/v2\/posts\/922\/revisions"}],"predecessor-version":[{"id":942,"href":"https:\/\/falugazdasz.sk\/hu\/wp-json\/wp\/v2\/posts\/922\/revisions\/942"}],"wp:featuredmedia":[{"embeddable":true,"href":"https:\/\/falugazdasz.sk\/hu\/wp-json\/wp\/v2\/media\/927"}],"wp:attachment":[{"href":"https:\/\/falugazdasz.sk\/hu\/wp-json\/wp\/v2\/media?parent=922"}],"wp:term":[{"taxonomy":"category","embeddable":true,"href":"https:\/\/falugazdasz.sk\/hu\/wp-json\/wp\/v2\/categories?post=922"},{"taxonomy":"post_tag","embeddable":true,"href":"https:\/\/falugazdasz.sk\/hu\/wp-json\/wp\/v2\/tags?post=922"}],"curies":[{"name":"wp","href":"https:\/\/api.w.org\/{rel}","templated":true}]}}