{"id":947,"date":"2025-11-13T11:02:29","date_gmt":"2025-11-13T10:02:29","guid":{"rendered":"https:\/\/falugazdasz.sk\/?p=947"},"modified":"2025-11-13T11:02:33","modified_gmt":"2025-11-13T10:02:33","slug":"szintet-lepni-a-mezogazdasagban-uj-szemlelet-tudasmegosztas-es-generaciovaltas-a-jovo-agrariumaert","status":"publish","type":"post","link":"https:\/\/falugazdasz.sk\/hu\/szintet-lepni-a-mezogazdasagban-uj-szemlelet-tudasmegosztas-es-generaciovaltas-a-jovo-agrariumaert\/","title":{"rendered":"Szintet l\u00e9pni a\u00a0mez\u0151gazdas\u00e1gban &#8211; \u00daj szeml\u00e9let, tud\u00e1smegoszt\u00e1s \u00e9s gener\u00e1ci\u00f3v\u00e1lt\u00e1s a j\u00f6v\u0151 agr\u00e1rium\u00e1\u00e9rt"},"content":{"rendered":"\n<p>Mez\u0151gazdas\u00e1gunk az elm\u00falt \u00e9vtizedben soha nem l\u00e1tott kih\u00edv\u00e1sok \u00e9s lehet\u0151s\u00e9gek k\u00f6z\u00f6tt mozog. A kl\u00edmav\u00e1ltoz\u00e1s, a piaci ingadoz\u00e1sok, a munkaer\u0151hi\u00e1ny \u00e9s a gener\u00e1ci\u00f3v\u00e1lt\u00e1s s\u00fcrget\u0151 k\u00e9rd\u00e9sei \u00faj gondolkod\u00e1sm\u00f3dot k\u00f6vetelnek. A \u201eszintl\u00e9p\u00e9s\u201d nem puszt\u00e1n technol\u00f3giai fejleszt\u00e9st jelent, hanem szeml\u00e9leti \u00e9s k\u00f6z\u00f6ss\u00e9gi meg\u00fajul\u00e1st is \u2013 a nyitotts\u00e1g, az egy\u00fcttm\u0171k\u00f6d\u00e9s \u00e9s a tud\u00e1smegoszt\u00e1s jegy\u00e9ben.<\/p>\n\n\n\n<p>A gazd\u00e1lkod\u00f3k egy r\u00e9sze m\u00e9g mindig elszigetelten, a megszokott m\u00f3dszerekbe kapaszkodva dolgozik. A besz\u0171k\u00fcl\u0151 l\u00e1t\u00f3k\u00f6r sokszor a napi meg\u00e9lhet\u00e9si gondokb\u00f3l, az id\u0151hi\u00e1nyb\u00f3l \u00e9s a t\u00falzott adminisztr\u00e1ci\u00f3s terh\u00e9kb\u0151l ered. Pedig a piac \u00e9s a technol\u00f3gia temp\u00f3ja olyan gyors, hogy aki nem tart l\u00e9p\u00e9st, k\u00f6nnyen lemarad.<\/p>\n\n\n\n<p>Ez\u00e9rt is egyre t\u00f6bb bizony\u00edt\u00e9k van r\u00e1, hogy a mez\u0151gazdas\u00e1gban is hat\u00e9konyak a <strong>mentorprogramok<\/strong>. Az id\u0151sebb, tapasztalt gazd\u00e1k tud\u00e1s\u00e1nak \u00e1tad\u00e1sa a fiatalabb gener\u00e1ci\u00f3knak nemcsak a szakmai folyamatoss\u00e1got biztos\u00edtja, hanem k\u00f6z\u00f6ss\u00e9get is \u00e9p\u00edt. A <strong>mentor\u00e1l\u00e1s<\/strong> seg\u00edt abban, hogy a fiatal gazd\u00e1k elker\u00fclj\u00e9k a tipikus hib\u00e1kat, hat\u00e9konyabban haszn\u00e1lj\u00e1k a t\u00e1mogat\u00e1si lehet\u0151s\u00e9geket, \u00e9s jobban meg\u00e9rts\u00e9k a piac m\u0171k\u00f6d\u00e9s\u00e9t. A <strong>gazdah\u00e1l\u00f3zatok<\/strong> pedig seg\u00edts\u00e9get ny\u00fajtanak abban , hogy &nbsp;kell\u0151 mennyis\u00e9g\u0171 \u00e9s min\u0151s\u00e9g\u0171 inform\u00e1ci\u00f3val ell\u00e1ss\u00e1k a&nbsp;gazd\u00e1lkod\u00f3t \u00e9s szakmai t\u00e1mogat\u00e1st ny\u00fajtsanak a&nbsp;h\u00e9tk\u00f6znapokban felmer\u00fcl\u0151 probl\u00e9m\u00e1kban.<\/p>\n\n\n\n<p>A <strong>gazdaf\u00f3rumok, szakmai napok, ki\u00e1ll\u00edt\u00e1sok<\/strong> \u00e9s <strong>region\u00e1lis tal\u00e1lkoz\u00f3k<\/strong> kulcsszerepet j\u00e1tszanak a tapasztalatcsere \u00e9s a kapcsolat\u00e9p\u00edt\u00e9s ter\u00e9n. Ezeken az esem\u00e9nyeken lehet\u0151s\u00e9g ny\u00edlik arra, hogy a termel\u0151k k\u00f6zvetlen\u00fcl tal\u00e1lkozzanak kutat\u00f3kkal, agr\u00e1rtan\u00e1csad\u00f3kkal \u00e9s piaci szerepl\u0151kkel.<br>A nyitotts\u00e1g, a k\u00e9rdez\u00e9s \u00e9s az egy\u00fctt gondolkod\u00e1s gyakran \u00faj ir\u00e1nyokat nyit meg \u2013 legyen sz\u00f3 a talajm\u0171vel\u00e9sr\u0151l, n\u00f6v\u00e9nyv\u00e9delemr\u0151l, digitaliz\u00e1ci\u00f3r\u00f3l vagy \u00e9ppen a gazdas\u00e1gok p\u00e9nz\u00fcgyi stabilit\u00e1s\u00e1r\u00f3l.<\/p>\n\n\n\n<p>Teh\u00e1t<strong>,,szintet l\u00e9pni,,<\/strong> a mez\u0151gazdas\u00e1gban annyit jelent, mint felismerni: a j\u00f6v\u0151 nemcsak a g\u00e9pekben, hanem az <strong>emberekben<\/strong> rejlik. A tud\u00e1s, az egy\u00fcttm\u0171k\u00f6d\u00e9s, a mentor\u00e1l\u00e1s \u00e9s az \u00faj szeml\u00e9let k\u00e9pes csak \u00e1thidalni a&nbsp;jelenlegi id\u0151szakot \u00e9s magasabb szintre emelni a&nbsp;mez\u0151gazdas\u00e1got.<br>A mez\u0151gazdas\u00e1gunk akkor lehet sikeres, ha a gazd\u00e1k nem egym\u00e1s versenyt\u00e1rsai, hanem partnerei a fejl\u0151d\u00e9sben \u2013 mert a k\u00f6vetkez\u0151 szintre <strong>csak egy\u00fctt<\/strong> lehet l\u00e9pni.<\/p>\n\n\n\n<p><strong><em>Puss P\u00e9ter<\/em><\/strong><br>falugazd\u00e1sz<br>2025. november 10.<\/p>\n\n\n\n<figure class=\"wp-block-image size-large\"><img loading=\"lazy\" decoding=\"async\" width=\"1024\" height=\"761\" src=\"https:\/\/falugazdasz.sk\/wp-content\/uploads\/2025\/11\/Kep-cikkhez-1-1024x761.jpg\" alt=\"\" class=\"wp-image-950\" srcset=\"https:\/\/falugazdasz.sk\/wp-content\/uploads\/2025\/11\/Kep-cikkhez-1-1024x761.jpg 1024w, https:\/\/falugazdasz.sk\/wp-content\/uploads\/2025\/11\/Kep-cikkhez-1-300x223.jpg 300w, https:\/\/falugazdasz.sk\/wp-content\/uploads\/2025\/11\/Kep-cikkhez-1-768x570.jpg 768w, https:\/\/falugazdasz.sk\/wp-content\/uploads\/2025\/11\/Kep-cikkhez-1-338x250.jpg 338w, https:\/\/falugazdasz.sk\/wp-content\/uploads\/2025\/11\/Kep-cikkhez-1.jpg 1423w\" sizes=\"auto, (max-width: 1024px) 100vw, 1024px\" \/><\/figure>\n","protected":false},"excerpt":{"rendered":"<p>Mez\u0151gazdas\u00e1gunk az elm\u00falt \u00e9vtizedben soha nem l\u00e1tott kih\u00edv\u00e1sok \u00e9s lehet\u0151s\u00e9gek k\u00f6z\u00f6tt mozog. A kl\u00edmav\u00e1ltoz\u00e1s, a piaci ingadoz\u00e1sok, a munkaer\u0151hi\u00e1ny \u00e9s a gener\u00e1ci\u00f3v\u00e1lt\u00e1s s\u00fcrget\u0151 k\u00e9rd\u00e9sei \u00faj gondolkod\u00e1sm\u00f3dot k\u00f6vetelnek. A \u201eszintl\u00e9p\u00e9s\u201d nem [&hellip;]<\/p>\n","protected":false},"author":2,"featured_media":948,"comment_status":"closed","ping_status":"closed","sticky":false,"template":"","format":"standard","meta":{"_acf_changed":false,"pmpro_default_level":"","inline_featured_image":false,"footnotes":""},"categories":[100],"tags":[],"class_list":["post-947","post","type-post","status-publish","format-standard","has-post-thumbnail","hentry","category-hirek","pmpro-has-access"],"acf":[],"_links":{"self":[{"href":"https:\/\/falugazdasz.sk\/hu\/wp-json\/wp\/v2\/posts\/947","targetHints":{"allow":["GET"]}}],"collection":[{"href":"https:\/\/falugazdasz.sk\/hu\/wp-json\/wp\/v2\/posts"}],"about":[{"href":"https:\/\/falugazdasz.sk\/hu\/wp-json\/wp\/v2\/types\/post"}],"author":[{"embeddable":true,"href":"https:\/\/falugazdasz.sk\/hu\/wp-json\/wp\/v2\/users\/2"}],"replies":[{"embeddable":true,"href":"https:\/\/falugazdasz.sk\/hu\/wp-json\/wp\/v2\/comments?post=947"}],"version-history":[{"count":1,"href":"https:\/\/falugazdasz.sk\/hu\/wp-json\/wp\/v2\/posts\/947\/revisions"}],"predecessor-version":[{"id":952,"href":"https:\/\/falugazdasz.sk\/hu\/wp-json\/wp\/v2\/posts\/947\/revisions\/952"}],"wp:featuredmedia":[{"embeddable":true,"href":"https:\/\/falugazdasz.sk\/hu\/wp-json\/wp\/v2\/media\/948"}],"wp:attachment":[{"href":"https:\/\/falugazdasz.sk\/hu\/wp-json\/wp\/v2\/media?parent=947"}],"wp:term":[{"taxonomy":"category","embeddable":true,"href":"https:\/\/falugazdasz.sk\/hu\/wp-json\/wp\/v2\/categories?post=947"},{"taxonomy":"post_tag","embeddable":true,"href":"https:\/\/falugazdasz.sk\/hu\/wp-json\/wp\/v2\/tags?post=947"}],"curies":[{"name":"wp","href":"https:\/\/api.w.org\/{rel}","templated":true}]}}