{"id":991,"date":"2025-11-17T19:30:22","date_gmt":"2025-11-17T18:30:22","guid":{"rendered":"https:\/\/falugazdasz.sk\/?p=991"},"modified":"2025-11-18T11:53:36","modified_gmt":"2025-11-18T10:53:36","slug":"izpi-aktualis-szakmai-kepzesek-iskolazasok-online-es-szemelyesen","status":"publish","type":"post","link":"https:\/\/falugazdasz.sk\/hu\/izpi-aktualis-szakmai-kepzesek-iskolazasok-online-es-szemelyesen\/","title":{"rendered":"IZPI: aktu\u00e1lis szakmai k\u00e9pz\u00e9sek\/iskol\u00e1z\u00e1sok &#8211; online \u00e9s szem\u00e9lyesen"},"content":{"rendered":"\n<ul class=\"wp-block-list\">\n<li>N\u00f6v\u00e9nyv\u00e9d\u0151 szerek ter\u00fclet\u00e9n v\u00e9gzett szakmai k\u00e9pz\u00e9s <strong>ELAD\u00d3K<\/strong> sz\u00e1m\u00e1ra (1. modul)<br>Id\u0151pont: <strong>2025.11.28. &#8211; online \u00e9s szem\u00e9lyes form\u00e1ban<\/strong>.<\/li>\n<\/ul>\n\n\n\n<div class=\"wp-block-buttons is-layout-flex wp-block-buttons-is-layout-flex\">\n<div class=\"wp-block-button\"><a class=\"wp-block-button__link wp-element-button\" href=\"https:\/\/www.izpi.sk\/sk\/kalendar-skoleni\/odborne-vzdelavanie-v-oblasti-pripravkov-na-ochranu-rastlin-pre-predajcov-modul-01\/1554\" target=\"_blank\" rel=\"noopener\">MODUL 1 regisztr\u00e1ci\u00f3<\/a><\/div>\n<\/div>\n\n\n\n<p><\/p>\n\n\n\n<ul class=\"wp-block-list\">\n<li>N\u00f6v\u00e9nyv\u00e9d\u0151 szerek ter\u00fclet\u00e9n v\u00e9gzett szakmai k\u00e9pz\u00e9s <strong>MEZ\u0150GAZDAS\u00c1GI VEZET\u0150K<\/strong> sz\u00e1m\u00e1ra (2. modul)<br>Id\u0151pont: <strong>2025.11.28. &#8211; online \u00e9s szem\u00e9lyes form\u00e1ban<\/strong>.<\/li>\n<\/ul>\n\n\n\n<div class=\"wp-block-buttons is-layout-flex wp-block-buttons-is-layout-flex\">\n<div class=\"wp-block-button\"><a class=\"wp-block-button__link wp-element-button\" href=\"https:\/\/www.izpi.sk\/sk\/kalendar-skoleni\/odborne-vzdelavanie-v-oblasti-pripravkov-na-ochranu-rastlin-pre-veducich-pracovnikov-v-polnohospodarstve-modul-02\/1555\" target=\"_blank\" rel=\"noopener\">MODUL 2 regisztr\u00e1ci\u00f3<\/a><\/div>\n<\/div>\n\n\n\n<p><\/p>\n\n\n\n<ul class=\"wp-block-list\">\n<li>N\u00f6v\u00e9nyv\u00e9d\u0151 szerek ter\u00fclet\u00e9n v\u00e9gzett szakmai k\u00e9pz\u00e9s <strong>MEZ\u0150GAZDAS\u00c1GI ALKALMAZOTTAK<\/strong> sz\u00e1m\u00e1ra (3. modul). <br>Id\u0151pont: <strong>2025.11.28. &#8211; online \u00e9s szem\u00e9lyes form\u00e1ban<\/strong>.<\/li>\n<\/ul>\n\n\n\n<div class=\"wp-block-buttons is-layout-flex wp-block-buttons-is-layout-flex\">\n<div class=\"wp-block-button\"><a class=\"wp-block-button__link wp-element-button\" href=\"https:\/\/www.izpi.sk\/sk\/kalendar-skoleni\/odborne-vzdelavanie-v-oblasti-pripravkov-na-ochranu-rastlin-pre-aplikatorov-v-polnohospodarstve-modul-03\/1556\" target=\"_blank\" rel=\"noopener\">MODUL 3 regisztr\u00e1ci\u00f3<\/a><\/div>\n<\/div>\n\n\n\n<p><\/p>\n\n\n\n<ul class=\"wp-block-list\">\n<li>A v\u00e1llalkoz\u00e1s alapjai \u00e9s t\u00e1mogat\u00f3 int\u00e9zked\u00e9sek az agr\u00e1rszektorban \u2013 IZPI Nyitra szervez\u00e9s\u00e9ben<br>Id\u0151pont: <strong>2025.12.08. &#8211; 2025.12.12. &#8211; online \u00e9s szem\u00e9lyes form\u00e1ban<\/strong>.<\/li>\n<\/ul>\n\n\n\n<div class=\"wp-block-buttons is-layout-flex wp-block-buttons-is-layout-flex\">\n<div class=\"wp-block-button\"><a class=\"wp-block-button__link wp-element-button\" href=\"https:\/\/www.izpi.sk\/sk\/kalendar-skoleni\/zaklady-podnikania-a-podporne-opatrenia-v-agrosektore-konanie-izpi-nitra\/1553\" target=\"_blank\" rel=\"noopener\">INFO &#8211; regisztr\u00e1ci\u00f3<\/a><\/div>\n<\/div>\n","protected":false},"excerpt":{"rendered":"","protected":false},"author":2,"featured_media":434,"comment_status":"closed","ping_status":"closed","sticky":false,"template":"","format":"standard","meta":{"_acf_changed":false,"pmpro_default_level":"","inline_featured_image":false,"footnotes":""},"categories":[100],"tags":[],"class_list":["post-991","post","type-post","status-publish","format-standard","has-post-thumbnail","hentry","category-hirek","pmpro-has-access"],"acf":[],"_links":{"self":[{"href":"https:\/\/falugazdasz.sk\/hu\/wp-json\/wp\/v2\/posts\/991","targetHints":{"allow":["GET"]}}],"collection":[{"href":"https:\/\/falugazdasz.sk\/hu\/wp-json\/wp\/v2\/posts"}],"about":[{"href":"https:\/\/falugazdasz.sk\/hu\/wp-json\/wp\/v2\/types\/post"}],"author":[{"embeddable":true,"href":"https:\/\/falugazdasz.sk\/hu\/wp-json\/wp\/v2\/users\/2"}],"replies":[{"embeddable":true,"href":"https:\/\/falugazdasz.sk\/hu\/wp-json\/wp\/v2\/comments?post=991"}],"version-history":[{"count":7,"href":"https:\/\/falugazdasz.sk\/hu\/wp-json\/wp\/v2\/posts\/991\/revisions"}],"predecessor-version":[{"id":1019,"href":"https:\/\/falugazdasz.sk\/hu\/wp-json\/wp\/v2\/posts\/991\/revisions\/1019"}],"wp:featuredmedia":[{"embeddable":true,"href":"https:\/\/falugazdasz.sk\/hu\/wp-json\/wp\/v2\/media\/434"}],"wp:attachment":[{"href":"https:\/\/falugazdasz.sk\/hu\/wp-json\/wp\/v2\/media?parent=991"}],"wp:term":[{"taxonomy":"category","embeddable":true,"href":"https:\/\/falugazdasz.sk\/hu\/wp-json\/wp\/v2\/categories?post=991"},{"taxonomy":"post_tag","embeddable":true,"href":"https:\/\/falugazdasz.sk\/hu\/wp-json\/wp\/v2\/tags?post=991"}],"curies":[{"name":"wp","href":"https:\/\/api.w.org\/{rel}","templated":true}]}}